{"id":948,"date":"2018-12-09T16:24:59","date_gmt":"2018-12-09T16:24:59","guid":{"rendered":"https:\/\/ste-clm.com\/permisos\/?p=948"},"modified":"2023-10-19T08:28:59","modified_gmt":"2023-10-19T08:28:59","slug":"voluntaria-especial","status":"publish","type":"post","link":"https:\/\/ste-clm.com\/permisos3\/voluntaria-especial\/","title":{"rendered":"VOLUNTARIA ESPECIAL"},"content":{"rendered":"\t\t<div data-elementor-type=\"wp-post\" data-elementor-id=\"948\" class=\"elementor elementor-948\">\n\t\t\t\t\t\t<div class=\"elementor-inner\">\n\t\t\t\t<div class=\"elementor-section-wrap\">\n\t\t\t\t\t\t\t\t\t<section class=\"elementor-section elementor-top-section elementor-element elementor-element-30f41d86 elementor-section-boxed elementor-section-height-default elementor-section-height-default\" data-id=\"30f41d86\" data-element_type=\"section\">\n\t\t\t\t\t\t<div class=\"elementor-container elementor-column-gap-default\">\n\t\t\t\t\t\t\t<div class=\"elementor-row\">\n\t\t\t\t\t<div class=\"elementor-column elementor-col-100 elementor-top-column elementor-element elementor-element-1ce2fcfb\" data-id=\"1ce2fcfb\" data-element_type=\"column\">\n\t\t\t<div class=\"elementor-column-wrap elementor-element-populated\">\n\t\t\t\t\t\t\t<div class=\"elementor-widget-wrap\">\n\t\t\t\t\t\t<div class=\"elementor-element elementor-element-7f9b7f27 elementor-tabs-view-vertical elementor-widget elementor-widget-tabs\" data-id=\"7f9b7f27\" data-element_type=\"widget\" data-widget_type=\"tabs.default\">\n\t\t\t\t<div class=\"elementor-widget-container\">\n\t\t\t\t\t<div class=\"elementor-tabs\">\n\t\t\t<div class=\"elementor-tabs-wrapper\" role=\"tablist\" >\n\t\t\t\t\t\t\t\t\t<div id=\"elementor-tab-title-2141\" class=\"elementor-tab-title elementor-tab-desktop-title\" aria-selected=\"true\" data-tab=\"1\" role=\"tab\" tabindex=\"0\" aria-controls=\"elementor-tab-content-2141\" aria-expanded=\"false\"><a href=\"\">DESCRIPCI\u00d3N<\/a><\/div>\n\t\t\t\t\t\t\t\t\t<div id=\"elementor-tab-title-2142\" class=\"elementor-tab-title elementor-tab-desktop-title\" aria-selected=\"false\" data-tab=\"2\" role=\"tab\" tabindex=\"-1\" aria-controls=\"elementor-tab-content-2142\" aria-expanded=\"false\"><a href=\"\">PERMISO<\/a><\/div>\n\t\t\t\t\t\t\t\t\t<div id=\"elementor-tab-title-2143\" class=\"elementor-tab-title elementor-tab-desktop-title\" aria-selected=\"false\" data-tab=\"3\" role=\"tab\" tabindex=\"-1\" aria-controls=\"elementor-tab-content-2143\" aria-expanded=\"false\"><a href=\"\">SOLICIT.\/DOCUMENT.<\/a><\/div>\n\t\t\t\t\t\t\t\t\t<div id=\"elementor-tab-title-2144\" class=\"elementor-tab-title elementor-tab-desktop-title\" aria-selected=\"false\" data-tab=\"4\" role=\"tab\" tabindex=\"-1\" aria-controls=\"elementor-tab-content-2144\" aria-expanded=\"false\"><a href=\"\">OBSERVACIONES<\/a><\/div>\n\t\t\t\t\t\t\t\t\t<div id=\"elementor-tab-title-2145\" class=\"elementor-tab-title elementor-tab-desktop-title\" aria-selected=\"false\" data-tab=\"5\" role=\"tab\" tabindex=\"-1\" aria-controls=\"elementor-tab-content-2145\" aria-expanded=\"false\"><a href=\"\">NORMATIVA<\/a><\/div>\n\t\t\t\t\t\t\t<\/div>\n\t\t\t<div class=\"elementor-tabs-content-wrapper\" role=\"tablist\" aria-orientation=\"vertical\">\n\t\t\t\t\t\t\t\t\t<div class=\"elementor-tab-title elementor-tab-mobile-title\" aria-selected=\"true\" data-tab=\"1\" role=\"tab\" tabindex=\"0\" aria-controls=\"elementor-tab-content-2141\" aria-expanded=\"false\">DESCRIPCI\u00d3N<\/div>\n\t\t\t\t\t<div id=\"elementor-tab-content-2141\" class=\"elementor-tab-content elementor-clearfix\" data-tab=\"1\" role=\"tabpanel\" aria-labelledby=\"elementor-tab-title-2141\" tabindex=\"0\" hidden=\"false\"><ul><li>El personal funcionario de carrera podr\u00e1 solicitar una excedencia voluntaria especial con una duraci\u00f3n m\u00ednima de seis meses y m\u00e1xima de tres a\u00f1os, durante la cual tendr\u00e1 derecho a la reserva del puesto de trabajo durante todo el tiempo que permanezca en esa situaci\u00f3n.<\/li><\/ul><\/div>\n\t\t\t\t\t\t\t\t\t<div class=\"elementor-tab-title elementor-tab-mobile-title\" aria-selected=\"false\" data-tab=\"2\" role=\"tab\" tabindex=\"-1\" aria-controls=\"elementor-tab-content-2142\" aria-expanded=\"false\">PERMISO<\/div>\n\t\t\t\t\t<div id=\"elementor-tab-content-2142\" class=\"elementor-tab-content elementor-clearfix\" data-tab=\"2\" role=\"tabpanel\" aria-labelledby=\"elementor-tab-title-2142\" tabindex=\"0\" hidden=\"hidden\"><ul><li>M\u00ednimo 6 meses \/ M\u00e1ximo 3 a\u00f1os.<\/li><\/ul><\/div>\n\t\t\t\t\t\t\t\t\t<div class=\"elementor-tab-title elementor-tab-mobile-title\" aria-selected=\"false\" data-tab=\"3\" role=\"tab\" tabindex=\"-1\" aria-controls=\"elementor-tab-content-2143\" aria-expanded=\"false\">SOLICIT.\/DOCUMENT.<\/div>\n\t\t\t\t\t<div id=\"elementor-tab-content-2143\" class=\"elementor-tab-content elementor-clearfix\" data-tab=\"3\" role=\"tabpanel\" aria-labelledby=\"elementor-tab-title-2143\" tabindex=\"0\" hidden=\"hidden\"><ul><li>Solicitud ante la direcci\u00f3n del centro, que tendr\u00e1 que aceptarla antes de trasladarla a la Delegaci\u00f3n Provincial de Educaci\u00f3n.<\/li><li>No se necesita justificaci\u00f3n.<\/li><\/ul><\/div>\n\t\t\t\t\t\t\t\t\t<div class=\"elementor-tab-title elementor-tab-mobile-title\" aria-selected=\"false\" data-tab=\"4\" role=\"tab\" tabindex=\"-1\" aria-controls=\"elementor-tab-content-2144\" aria-expanded=\"false\">OBSERVACIONES<\/div>\n\t\t\t\t\t<div id=\"elementor-tab-content-2144\" class=\"elementor-tab-content elementor-clearfix\" data-tab=\"4\" role=\"tabpanel\" aria-labelledby=\"elementor-tab-title-2144\" tabindex=\"0\" hidden=\"hidden\"><ul><li>Solo para personal funcionario de carrera.<\/li><li>Tendr\u00e1 derecho a la reserva de puesto de trabajo.<\/li><li>Computa a efectos de trienios, derechos en el r\u00e9gimen de la Seguridad Social y a efectos del cumplimiento del periodo m\u00ednimo para la solicitud de la excedencia voluntaria por inter\u00e9s particular.<\/li><li>Estando en excedencia no se pueden desempe\u00f1ar puestos de trabajo en el sector p\u00fablico bajo ning\u00fan tipo de relaci\u00f3n funcionarial o contractual, salvo las que se consideren compatibles.<\/li><li>La concesi\u00f3n est\u00e1 supeditada a las necesidades y al buen funcionamiento de los servicios p\u00fablicos.<\/li><li>Antes de finalizar el periodo de tres a\u00f1os debe solicitarse el reingreso al servicio activo. En caso de no hacerlo se declarar\u00e1 de oficio la situaci\u00f3n de excedencia voluntaria por inter\u00e9s particular.<\/li><\/ul><\/div>\n\t\t\t\t\t\t\t\t\t<div class=\"elementor-tab-title elementor-tab-mobile-title\" aria-selected=\"false\" data-tab=\"5\" role=\"tab\" tabindex=\"-1\" aria-controls=\"elementor-tab-content-2145\" aria-expanded=\"false\">NORMATIVA<\/div>\n\t\t\t\t\t<div id=\"elementor-tab-content-2145\" class=\"elementor-tab-content elementor-clearfix\" data-tab=\"5\" role=\"tabpanel\" aria-labelledby=\"elementor-tab-title-2145\" tabindex=\"0\" hidden=\"hidden\"><ul><li><h4>Ley 6\/2012, de 2 de agosto, de acompa\u00f1amiento de la Ley 1\/2012, de 21 de febrero, de Medidas Complementarias para la Aplicaci\u00f3n del Plan de Garant\u00eda de los Servicios Sociales B\u00e1sicos de Castilla-La Mancha (Art.4)<\/h4><ul><li>El personal funcionario de carrera y el personal estatutario fijo podr\u00e1n solicitar una excedencia voluntaria especial con una duraci\u00f3n m\u00ednima de seis meses y m\u00e1xima de tres a\u00f1os, durante la cual tendr\u00e1 derecho a la reserva del puesto de trabajo durante todo el tiempo que permanezca en esa situaci\u00f3n.<\/li><li>Asimismo, el tiempo de permanencia en esta situaci\u00f3n se le computar\u00e1 como prestado en dicho puesto a efectos de promoci\u00f3n interna, grado personal y reconocimiento de trienios, as\u00ed como a efectos del cumplimiento del periodo m\u00ednimo de servicios efectivos para solicitar el pase a la situaci\u00f3n de excedencia voluntaria por inter\u00e9s particular.<\/li><li>Durante la vigencia de esta excedencia no se pueden desempe\u00f1ar puestos de trabajo en el sector p\u00fablico bajo ning\u00fan tipo de relaci\u00f3n funcionarial o contractual, sea \u00e9sta de naturaleza laboral o administrativa, excepto aqu\u00e9llos que, de acuerdo con la normativa sobre incompatibilidades, sean compatibles.<\/li><li>La concesi\u00f3n de la excedencia est\u00e1 supeditada a las necesidades y al buen funcionamiento de los servicios p\u00fablicos. A tal efecto, es necesario que en el expediente se acredite, mediante informe de la persona responsable de la unidad en que estuviera destinada la persona solicitante, que quedan debidamente cubiertas las necesidades del servicio.<\/li><li>Antes de finalizar el per\u00edodo de tres a\u00f1os de duraci\u00f3n de esta situaci\u00f3n deber\u00e1 solicitarse el reingreso al servicio activo, declar\u00e1ndose de oficio, de no hacerlo, la situaci\u00f3n de excedencia voluntaria por inter\u00e9s particular.<\/li><li>No se podr\u00e1n sustituir a las personas a las que se les conceda la excedencia voluntaria prevista en esta disposici\u00f3n\u00bb.<\/li><\/ul><\/li><\/ul><\/div>\n\t\t\t\t\t\t\t<\/div>\n\t\t<\/div>\n\t\t\t\t<\/div>\n\t\t\t\t<\/div>\n\t\t\t\t\t\t<\/div>\n\t\t\t\t\t<\/div>\n\t\t<\/div>\n\t\t\t\t\t\t\t\t<\/div>\n\t\t\t\t\t<\/div>\n\t\t<\/section>\n\t\t\t\t\t\t\t\t\t<\/div>\n\t\t\t<\/div>\n\t\t\t\t\t<\/div>\n\t\t","protected":false},"excerpt":{"rendered":"<p> [&hellip;]<\/p>\n","protected":false},"author":2,"featured_media":1013,"comment_status":"closed","ping_status":"open","sticky":false,"template":"","format":"standard","meta":[],"categories":[23,12],"tags":[],"_links":{"self":[{"href":"https:\/\/ste-clm.com\/permisos3\/wp-json\/wp\/v2\/posts\/948"}],"collection":[{"href":"https:\/\/ste-clm.com\/permisos3\/wp-json\/wp\/v2\/posts"}],"about":[{"href":"https:\/\/ste-clm.com\/permisos3\/wp-json\/wp\/v2\/types\/post"}],"author":[{"embeddable":true,"href":"https:\/\/ste-clm.com\/permisos3\/wp-json\/wp\/v2\/users\/2"}],"replies":[{"embeddable":true,"href":"https:\/\/ste-clm.com\/permisos3\/wp-json\/wp\/v2\/comments?post=948"}],"version-history":[{"count":6,"href":"https:\/\/ste-clm.com\/permisos3\/wp-json\/wp\/v2\/posts\/948\/revisions"}],"predecessor-version":[{"id":2329,"href":"https:\/\/ste-clm.com\/permisos3\/wp-json\/wp\/v2\/posts\/948\/revisions\/2329"}],"wp:featuredmedia":[{"embeddable":true,"href":"https:\/\/ste-clm.com\/permisos3\/wp-json\/wp\/v2\/media\/1013"}],"wp:attachment":[{"href":"https:\/\/ste-clm.com\/permisos3\/wp-json\/wp\/v2\/media?parent=948"}],"wp:term":[{"taxonomy":"category","embeddable":true,"href":"https:\/\/ste-clm.com\/permisos3\/wp-json\/wp\/v2\/categories?post=948"},{"taxonomy":"post_tag","embeddable":true,"href":"https:\/\/ste-clm.com\/permisos3\/wp-json\/wp\/v2\/tags?post=948"}],"curies":[{"name":"wp","href":"https:\/\/api.w.org\/{rel}","templated":true}]}}