{"id":934,"date":"2018-12-09T16:18:04","date_gmt":"2018-12-09T16:18:04","guid":{"rendered":"https:\/\/ste-clm.com\/permisos\/?p=934"},"modified":"2023-10-19T08:30:07","modified_gmt":"2023-10-19T08:30:07","slug":"excedencias-personal-docente","status":"publish","type":"post","link":"https:\/\/ste-clm.com\/permisos3\/excedencias-personal-docente\/","title":{"rendered":"EXCEDENCIA PERSONAL DOCENTE"},"content":{"rendered":"\t\t<div data-elementor-type=\"wp-post\" data-elementor-id=\"934\" class=\"elementor elementor-934\">\n\t\t\t\t\t\t<div class=\"elementor-inner\">\n\t\t\t\t<div class=\"elementor-section-wrap\">\n\t\t\t\t\t\t\t\t\t<section class=\"elementor-section elementor-top-section elementor-element elementor-element-75aabcc4 elementor-section-boxed elementor-section-height-default elementor-section-height-default\" data-id=\"75aabcc4\" data-element_type=\"section\">\n\t\t\t\t\t\t<div class=\"elementor-container elementor-column-gap-default\">\n\t\t\t\t\t\t\t<div class=\"elementor-row\">\n\t\t\t\t\t<div class=\"elementor-column elementor-col-100 elementor-top-column elementor-element elementor-element-766bf5fd\" data-id=\"766bf5fd\" data-element_type=\"column\">\n\t\t\t<div class=\"elementor-column-wrap elementor-element-populated\">\n\t\t\t\t\t\t\t<div class=\"elementor-widget-wrap\">\n\t\t\t\t\t\t<div class=\"elementor-element elementor-element-3a0e8a7e elementor-tabs-view-vertical elementor-widget elementor-widget-tabs\" data-id=\"3a0e8a7e\" data-element_type=\"widget\" data-widget_type=\"tabs.default\">\n\t\t\t\t<div class=\"elementor-widget-container\">\n\t\t\t\t\t<div class=\"elementor-tabs\">\n\t\t\t<div class=\"elementor-tabs-wrapper\" role=\"tablist\" >\n\t\t\t\t\t\t\t\t\t<div id=\"elementor-tab-title-9741\" class=\"elementor-tab-title elementor-tab-desktop-title\" aria-selected=\"true\" data-tab=\"1\" role=\"tab\" tabindex=\"0\" aria-controls=\"elementor-tab-content-9741\" aria-expanded=\"false\"><a href=\"\">DESCRIPCI\u00d3N<\/a><\/div>\n\t\t\t\t\t\t\t\t\t<div id=\"elementor-tab-title-9742\" class=\"elementor-tab-title elementor-tab-desktop-title\" aria-selected=\"false\" data-tab=\"2\" role=\"tab\" tabindex=\"-1\" aria-controls=\"elementor-tab-content-9742\" aria-expanded=\"false\"><a href=\"\">PERMISO<\/a><\/div>\n\t\t\t\t\t\t\t\t\t<div id=\"elementor-tab-title-9743\" class=\"elementor-tab-title elementor-tab-desktop-title\" aria-selected=\"false\" data-tab=\"3\" role=\"tab\" tabindex=\"-1\" aria-controls=\"elementor-tab-content-9743\" aria-expanded=\"false\"><a href=\"\">SOLICIT.\/DOCUMENT.<\/a><\/div>\n\t\t\t\t\t\t\t\t\t<div id=\"elementor-tab-title-9744\" class=\"elementor-tab-title elementor-tab-desktop-title\" aria-selected=\"false\" data-tab=\"4\" role=\"tab\" tabindex=\"-1\" aria-controls=\"elementor-tab-content-9744\" aria-expanded=\"false\"><a href=\"\">OBSERVACIONES<\/a><\/div>\n\t\t\t\t\t\t\t\t\t<div id=\"elementor-tab-title-9745\" class=\"elementor-tab-title elementor-tab-desktop-title\" aria-selected=\"false\" data-tab=\"5\" role=\"tab\" tabindex=\"-1\" aria-controls=\"elementor-tab-content-9745\" aria-expanded=\"false\"><a href=\"\">NORMATIVA<\/a><\/div>\n\t\t\t\t\t\t\t<\/div>\n\t\t\t<div class=\"elementor-tabs-content-wrapper\" role=\"tablist\" aria-orientation=\"vertical\">\n\t\t\t\t\t\t\t\t\t<div class=\"elementor-tab-title elementor-tab-mobile-title\" aria-selected=\"true\" data-tab=\"1\" role=\"tab\" tabindex=\"0\" aria-controls=\"elementor-tab-content-9741\" aria-expanded=\"false\">DESCRIPCI\u00d3N<\/div>\n\t\t\t\t\t<div id=\"elementor-tab-content-9741\" class=\"elementor-tab-content elementor-clearfix\" data-tab=\"1\" role=\"tabpanel\" aria-labelledby=\"elementor-tab-title-9741\" tabindex=\"0\" hidden=\"false\"><ul><li>El personal docente, para posibilitar el fraccionamiento, podr\u00e1 solicitar excedencia por cuidado de familiares un trimestre por curso escolar hasta la desaparici\u00f3n del hecho causante, en el caso de enfermedad, o el cumplimiento de tres a\u00f1os en el caso de guarda legal.<\/li><\/ul><\/div>\n\t\t\t\t\t\t\t\t\t<div class=\"elementor-tab-title elementor-tab-mobile-title\" aria-selected=\"false\" data-tab=\"2\" role=\"tab\" tabindex=\"-1\" aria-controls=\"elementor-tab-content-9742\" aria-expanded=\"false\">PERMISO<\/div>\n\t\t\t\t\t<div id=\"elementor-tab-content-9742\" class=\"elementor-tab-content elementor-clearfix\" data-tab=\"2\" role=\"tabpanel\" aria-labelledby=\"elementor-tab-title-9742\" tabindex=\"0\" hidden=\"hidden\"><ul><li>Un trimestre por curso hasta desaparici\u00f3n del hecho causante cuando sea por enfermedad.<\/li><li>Un trimestre por curso hasta el cumplimiento de los tres a\u00f1os en caso de guarda legal.<\/li><\/ul><\/div>\n\t\t\t\t\t\t\t\t\t<div class=\"elementor-tab-title elementor-tab-mobile-title\" aria-selected=\"false\" data-tab=\"3\" role=\"tab\" tabindex=\"-1\" aria-controls=\"elementor-tab-content-9743\" aria-expanded=\"false\">SOLICIT.\/DOCUMENT.<\/div>\n\t\t\t\t\t<div id=\"elementor-tab-content-9743\" class=\"elementor-tab-content elementor-clearfix\" data-tab=\"3\" role=\"tabpanel\" aria-labelledby=\"elementor-tab-title-9743\" tabindex=\"0\" hidden=\"hidden\"><ul><li>Solicitud a la Delegaci\u00f3n Provincial de Educaci\u00f3n.<\/li><li>Libro de familia.<\/li><li>Justificantes m\u00e9dicos pertinentes (en caso de enfermedad).<\/li><\/ul><\/div>\n\t\t\t\t\t\t\t\t\t<div class=\"elementor-tab-title elementor-tab-mobile-title\" aria-selected=\"false\" data-tab=\"4\" role=\"tab\" tabindex=\"-1\" aria-controls=\"elementor-tab-content-9744\" aria-expanded=\"false\">OBSERVACIONES<\/div>\n\t\t\t\t\t<div id=\"elementor-tab-content-9744\" class=\"elementor-tab-content elementor-clearfix\" data-tab=\"4\" role=\"tabpanel\" aria-labelledby=\"elementor-tab-title-9744\" tabindex=\"0\" hidden=\"hidden\"><ul><li>Excedencia para el cuidado de familiares.<\/li><\/ul><\/div>\n\t\t\t\t\t\t\t\t\t<div class=\"elementor-tab-title elementor-tab-mobile-title\" aria-selected=\"false\" data-tab=\"5\" role=\"tab\" tabindex=\"-1\" aria-controls=\"elementor-tab-content-9745\" aria-expanded=\"false\">NORMATIVA<\/div>\n\t\t\t\t\t<div id=\"elementor-tab-content-9745\" class=\"elementor-tab-content elementor-clearfix\" data-tab=\"5\" role=\"tabpanel\" aria-labelledby=\"elementor-tab-title-9745\" tabindex=\"0\" hidden=\"hidden\"><ul><li><h4>Resoluci\u00f3n de 23\/07\/2018, de la Secretar\u00eda General, por la que se dispone la publicaci\u00f3n del acuerdo de la mesa sectorial del personal docente no universitario relativo a las medidas complementarias al II Plan para la conciliaci\u00f3n de la vida personal, familiar y laboral de las empleadas p\u00fablicas y de los empleados p\u00fablicos de la Administraci\u00f3n de la Junta de Comunidades de Castilla-La Mancha (A.4)<\/h4><ul><li>Para posibilitar el fraccionamiento, a partir de curso 2018\/19 el personal docente de Castilla-La Mancha podr\u00e1 solicitar excedencias por cuidado de familiares un trimestre por curso escolar hasta la desaparici\u00f3n del hecho causante, en el caso de enfermedad, o el cumplimiento de tres a\u00f1os en el caso de guarda legal.<\/li><\/ul><\/li><\/ul><\/div>\n\t\t\t\t\t\t\t<\/div>\n\t\t<\/div>\n\t\t\t\t<\/div>\n\t\t\t\t<\/div>\n\t\t\t\t\t\t<\/div>\n\t\t\t\t\t<\/div>\n\t\t<\/div>\n\t\t\t\t\t\t\t\t<\/div>\n\t\t\t\t\t<\/div>\n\t\t<\/section>\n\t\t\t\t\t\t\t\t\t<\/div>\n\t\t\t<\/div>\n\t\t\t\t\t<\/div>\n\t\t","protected":false},"excerpt":{"rendered":"<p> [&hellip;]<\/p>\n","protected":false},"author":2,"featured_media":973,"comment_status":"closed","ping_status":"open","sticky":false,"template":"","format":"standard","meta":[],"categories":[23,12],"tags":[],"_links":{"self":[{"href":"https:\/\/ste-clm.com\/permisos3\/wp-json\/wp\/v2\/posts\/934"}],"collection":[{"href":"https:\/\/ste-clm.com\/permisos3\/wp-json\/wp\/v2\/posts"}],"about":[{"href":"https:\/\/ste-clm.com\/permisos3\/wp-json\/wp\/v2\/types\/post"}],"author":[{"embeddable":true,"href":"https:\/\/ste-clm.com\/permisos3\/wp-json\/wp\/v2\/users\/2"}],"replies":[{"embeddable":true,"href":"https:\/\/ste-clm.com\/permisos3\/wp-json\/wp\/v2\/comments?post=934"}],"version-history":[{"count":7,"href":"https:\/\/ste-clm.com\/permisos3\/wp-json\/wp\/v2\/posts\/934\/revisions"}],"predecessor-version":[{"id":2449,"href":"https:\/\/ste-clm.com\/permisos3\/wp-json\/wp\/v2\/posts\/934\/revisions\/2449"}],"wp:featuredmedia":[{"embeddable":true,"href":"https:\/\/ste-clm.com\/permisos3\/wp-json\/wp\/v2\/media\/973"}],"wp:attachment":[{"href":"https:\/\/ste-clm.com\/permisos3\/wp-json\/wp\/v2\/media?parent=934"}],"wp:term":[{"taxonomy":"category","embeddable":true,"href":"https:\/\/ste-clm.com\/permisos3\/wp-json\/wp\/v2\/categories?post=934"},{"taxonomy":"post_tag","embeddable":true,"href":"https:\/\/ste-clm.com\/permisos3\/wp-json\/wp\/v2\/tags?post=934"}],"curies":[{"name":"wp","href":"https:\/\/api.w.org\/{rel}","templated":true}]}}