{"id":893,"date":"2018-12-09T15:57:44","date_gmt":"2018-12-09T15:57:44","guid":{"rendered":"https:\/\/ste-clm.com\/permisos\/?p=893"},"modified":"2025-06-12T08:44:04","modified_gmt":"2025-06-12T08:44:04","slug":"deber-inexcusable-de-caracter-publico-o-personal","status":"publish","type":"post","link":"https:\/\/ste-clm.com\/permisos3\/deber-inexcusable-de-caracter-publico-o-personal\/","title":{"rendered":"DEBER INEXCUSABLE DE CAR\u00c1CTER P\u00daBLICO O PERSONAL"},"content":{"rendered":"\t\t<div data-elementor-type=\"wp-post\" data-elementor-id=\"893\" class=\"elementor elementor-893\">\n\t\t\t\t\t\t<div class=\"elementor-inner\">\n\t\t\t\t<div class=\"elementor-section-wrap\">\n\t\t\t\t\t\t\t\t\t<section class=\"elementor-section elementor-top-section elementor-element elementor-element-6e8a0860 elementor-section-boxed elementor-section-height-default elementor-section-height-default\" data-id=\"6e8a0860\" data-element_type=\"section\">\n\t\t\t\t\t\t<div class=\"elementor-container elementor-column-gap-default\">\n\t\t\t\t\t\t\t<div class=\"elementor-row\">\n\t\t\t\t\t<div class=\"elementor-column elementor-col-100 elementor-top-column elementor-element elementor-element-2ea8c60c\" data-id=\"2ea8c60c\" data-element_type=\"column\">\n\t\t\t<div class=\"elementor-column-wrap elementor-element-populated\">\n\t\t\t\t\t\t\t<div class=\"elementor-widget-wrap\">\n\t\t\t\t\t\t<div class=\"elementor-element elementor-element-7edb3fb0 elementor-tabs-view-vertical elementor-widget elementor-widget-tabs\" data-id=\"7edb3fb0\" data-element_type=\"widget\" data-widget_type=\"tabs.default\">\n\t\t\t\t<div class=\"elementor-widget-container\">\n\t\t\t\t\t<div class=\"elementor-tabs\">\n\t\t\t<div class=\"elementor-tabs-wrapper\" role=\"tablist\" >\n\t\t\t\t\t\t\t\t\t<div id=\"elementor-tab-title-2121\" class=\"elementor-tab-title elementor-tab-desktop-title\" aria-selected=\"true\" data-tab=\"1\" role=\"tab\" tabindex=\"0\" aria-controls=\"elementor-tab-content-2121\" aria-expanded=\"false\"><a href=\"\">DESCRIPCI\u00d3N<\/a><\/div>\n\t\t\t\t\t\t\t\t\t<div id=\"elementor-tab-title-2122\" class=\"elementor-tab-title elementor-tab-desktop-title\" aria-selected=\"false\" data-tab=\"2\" role=\"tab\" tabindex=\"-1\" aria-controls=\"elementor-tab-content-2122\" aria-expanded=\"false\"><a href=\"\">PERMISO<\/a><\/div>\n\t\t\t\t\t\t\t\t\t<div id=\"elementor-tab-title-2123\" class=\"elementor-tab-title elementor-tab-desktop-title\" aria-selected=\"false\" data-tab=\"3\" role=\"tab\" tabindex=\"-1\" aria-controls=\"elementor-tab-content-2123\" aria-expanded=\"false\"><a href=\"\">SOLICIT.\/DOCUMENT.<\/a><\/div>\n\t\t\t\t\t\t\t\t\t<div id=\"elementor-tab-title-2124\" class=\"elementor-tab-title elementor-tab-desktop-title\" aria-selected=\"false\" data-tab=\"4\" role=\"tab\" tabindex=\"-1\" aria-controls=\"elementor-tab-content-2124\" aria-expanded=\"false\"><a href=\"\">OBSERVACIONES<\/a><\/div>\n\t\t\t\t\t\t\t\t\t<div id=\"elementor-tab-title-2125\" class=\"elementor-tab-title elementor-tab-desktop-title\" aria-selected=\"false\" data-tab=\"5\" role=\"tab\" tabindex=\"-1\" aria-controls=\"elementor-tab-content-2125\" aria-expanded=\"false\"><a href=\"\">NORMATIVA<\/a><\/div>\n\t\t\t\t\t\t\t<\/div>\n\t\t\t<div class=\"elementor-tabs-content-wrapper\" role=\"tablist\" aria-orientation=\"vertical\">\n\t\t\t\t\t\t\t\t\t<div class=\"elementor-tab-title elementor-tab-mobile-title\" aria-selected=\"true\" data-tab=\"1\" role=\"tab\" tabindex=\"0\" aria-controls=\"elementor-tab-content-2121\" aria-expanded=\"false\">DESCRIPCI\u00d3N<\/div>\n\t\t\t\t\t<div id=\"elementor-tab-content-2121\" class=\"elementor-tab-content elementor-clearfix\" data-tab=\"1\" role=\"tabpanel\" aria-labelledby=\"elementor-tab-title-2121\" tabindex=\"0\" hidden=\"false\"><ul><li>El personal docente podr\u00e1 solicitar un permiso por el tiempo imprescindible para el cumplimiento de un deber inexcusable de car\u00e1cter p\u00fablico o personal.<\/li><\/ul><\/div>\n\t\t\t\t\t\t\t\t\t<div class=\"elementor-tab-title elementor-tab-mobile-title\" aria-selected=\"false\" data-tab=\"2\" role=\"tab\" tabindex=\"-1\" aria-controls=\"elementor-tab-content-2122\" aria-expanded=\"false\">PERMISO<\/div>\n\t\t\t\t\t<div id=\"elementor-tab-content-2122\" class=\"elementor-tab-content elementor-clearfix\" data-tab=\"2\" role=\"tabpanel\" aria-labelledby=\"elementor-tab-title-2122\" tabindex=\"0\" hidden=\"hidden\"><ul><li>Por el tiempo imprescindible para su cumplimiento.<\/li><\/ul><\/div>\n\t\t\t\t\t\t\t\t\t<div class=\"elementor-tab-title elementor-tab-mobile-title\" aria-selected=\"false\" data-tab=\"3\" role=\"tab\" tabindex=\"-1\" aria-controls=\"elementor-tab-content-2123\" aria-expanded=\"false\">SOLICIT.\/DOCUMENT.<\/div>\n\t\t\t\t\t<div id=\"elementor-tab-content-2123\" class=\"elementor-tab-content elementor-clearfix\" data-tab=\"3\" role=\"tabpanel\" aria-labelledby=\"elementor-tab-title-2123\" tabindex=\"0\" hidden=\"hidden\"><ul><li>Solicitud al Equipo Directivo.<\/li><li>Convocatorias, en el momento de solicitar el permiso<\/li><li>Justificaci\u00f3n de asistencia emitida por el centro oficial, presentada ante el director\/a del centro.<\/li><\/ul><\/div>\n\t\t\t\t\t\t\t\t\t<div class=\"elementor-tab-title elementor-tab-mobile-title\" aria-selected=\"false\" data-tab=\"4\" role=\"tab\" tabindex=\"-1\" aria-controls=\"elementor-tab-content-2124\" aria-expanded=\"false\">OBSERVACIONES<\/div>\n\t\t\t\t\t<div id=\"elementor-tab-content-2124\" class=\"elementor-tab-content elementor-clearfix\" data-tab=\"4\" role=\"tabpanel\" aria-labelledby=\"elementor-tab-title-2124\" tabindex=\"0\" hidden=\"hidden\"><ul><li>Para funcionarias y funcionarias de carrera e interinos.<\/li><li>Se entiende por \u201cdeber inexcusable\u201d la obligaci\u00f3n personal, sin posibilidad de ejecuci\u00f3n por medio de representante o sustituto, que coincida con la jornada de trabajo necesariamente y que su no realizaci\u00f3n genere responsabilidad de \u00edndole civil, penal o administrativa.<\/li><li>El permiso est\u00e1 indicado, entre otros, para los siguientes supuestos:<ul><li>Comparecencia obligatoria por citaciones de juzgados y tribunales de justicia, comisar\u00edas o cualquier otro organismo oficial.<\/li><li>Cumplimiento de deberes ciudadanos derivados de un proceso electoral.<\/li><li>Ejercicio de sufragio activo.<\/li><li>Asistencia a las reuniones de los \u00f3rganos de gobierno y comisiones dependientes de los mimos, cuando derive de cargo electivo.<\/li><li>Miembro de Tribunal de examen u oposici\u00f3n.<\/li><li>Donaci\u00f3n de sangre seg\u00fan lo dispuesto en el Real Decreto 1088\/2005 de 16 de septiembre.<\/li><\/ul><\/li><li>No se contemplan como deberes inexcusables, entre otros, tiempo para el permiso de conducci\u00f3n, los tr\u00e1mites en las notar\u00edas, asistencia a despachos de abogados, oficinas de compra-venta, cita en Hacienda, etc.<\/li><\/ul><\/div>\n\t\t\t\t\t\t\t\t\t<div class=\"elementor-tab-title elementor-tab-mobile-title\" aria-selected=\"false\" data-tab=\"5\" role=\"tab\" tabindex=\"-1\" aria-controls=\"elementor-tab-content-2125\" aria-expanded=\"false\">NORMATIVA<\/div>\n\t\t\t\t\t<div id=\"elementor-tab-content-2125\" class=\"elementor-tab-content elementor-clearfix\" data-tab=\"5\" role=\"tabpanel\" aria-labelledby=\"elementor-tab-title-2125\" tabindex=\"0\" hidden=\"hidden\"><p><em><strong>\u2022 Ley 4\/2011, de 10 de marzo, del Empleo P\u00fablico de Castilla-La Mancha (Art.107.2 j)<\/strong><\/em><br \/>\u25e6 Por el tiempo indispensable, para el cumplimiento de un deber inexcusable de car\u00e1cter p\u00fablico y personal, comprendido el ejercicio del sufragio activo.<\/p><p><em><strong>\u2022 Real Decreto Legislativo 5\/2015, de 30 de octubre, por el que se aprueba el texto refundido de la Ley del Estatuto B\u00e1sico del Empleado P\u00fablico (Art.48 j)<\/strong><\/em><br \/>\u25e6 Por tiempo indispensable para el cumplimiento de un deber inexcusable de car\u00e1cter p\u00fablico o personal y por deberes relacionados con la conciliaci\u00f3n de la vida familiar y laboral.<\/p><p><em><strong>\u2022 Resoluci\u00f3n de 02\/10\/2024, de la Direcci\u00f3n General de Aut\u00f3nomos, Trabajo y Econom\u00eda Social, por la que se acepta el dep\u00f3sito y se dispone la publicaci\u00f3n del acuerdo por el que se adec\u00faa a la legislaci\u00f3n vigente el II Plan para la conciliaci\u00f3n de la vida personal, familiar y laboral de las empleadas p\u00fablicas y de los empleados p\u00fablicos de la Administraci\u00f3n de la Junta de Comunidades de Castilla-La Mancha (2.13)<\/strong><\/em><br \/>\u25e6 Se conceder\u00e1 permiso por el tiempo imprescindible para el cumplimiento de un deber inexcusable de car\u00e1cter p\u00fablico o personal y permiso o flexibilizaci\u00f3n, seg\u00fan el caso, por deberes relacionados con la conciliaci\u00f3n de la vida familiar y laboral, considerando como deberes relacionados con la conciliaci\u00f3n los supuestos contemplados en los apartados 2.1 (permiso t\u00e9cnicas de fecundaci\u00f3n asistida), 2.2 (permiso por ex\u00e1menes prenatales y t\u00e9cnicas de preparaci\u00f3n al parto), 2.4 (permiso para sesiones de informaci\u00f3n y preparaci\u00f3n, entrevistas y para la realizaci\u00f3n de los preceptivos informes psicol\u00f3gicos y sociales previos a la declaraci\u00f3n de idoneidad en procesos de adopci\u00f3n), 2.11 (permiso asistencia m\u00e9dica del empleado o de la empleada y familiar en primer grado), 2.22 (permiso y flexibilizaci\u00f3n para asistencia a tutor\u00edas en centros escolares) y 2.25 (flexibilizaci\u00f3n por inicio escalonado de actividades lectivas de hijas e hijos) del presente acuerdo.<br \/>\u25e6 A estos efectos, se entiende por \u201cdeber inexcusable\u201d la obligaci\u00f3n personal, sin posibilidad de ejecuci\u00f3n por medio de representante o sustituto, que coincida con la jornada de trabajo necesariamente y que su no realizaci\u00f3n genere responsabilidad de \u00edndole civil, penal o administrativa. Entre otros, se incluyen los siguientes supuestos:<br \/>\u25aa Comparecencia obligatoria por citaciones de juzgados y tribunales de justicia, comisar\u00edas o cualquier otro organismo oficial.<br \/>\u25aa Cumplimiento de deberes ciudadanos derivados de un proceso electoral.<br \/>\u25aa Ejercicio de sufragio activo.<br \/>\u25aa Asistencia a las reuniones de los \u00f3rganos de gobierno y comisiones dependientes de los mismos, cuando derive estrictamente del cargo electivo de los previstos en la Ley de R\u00e9gimen Electoral General.<br \/>\u25aa Asistencia, como miembro, a las sesiones de un Tribunal de examen o de oposici\u00f3n, con nombramiento de la autoridad competente.<br \/>\u25aa El empleo de tiempo necesario para hacer una donaci\u00f3n de sangre, de acuerdo con lo dispuesto en el Real Decreto 1088\/2005, de 16 de septiembre.<br \/>\u25e6 La duraci\u00f3n del permiso ser\u00e1 la imprescindible para el cumplimiento del deber.<\/p><\/div>\n\t\t\t\t\t\t\t<\/div>\n\t\t<\/div>\n\t\t\t\t<\/div>\n\t\t\t\t<\/div>\n\t\t\t\t\t\t<\/div>\n\t\t\t\t\t<\/div>\n\t\t<\/div>\n\t\t\t\t\t\t\t\t<\/div>\n\t\t\t\t\t<\/div>\n\t\t<\/section>\n\t\t\t\t\t\t\t\t\t<\/div>\n\t\t\t<\/div>\n\t\t\t\t\t<\/div>\n\t\t","protected":false},"excerpt":{"rendered":"<p> [&hellip;]<\/p>\n","protected":false},"author":2,"featured_media":983,"comment_status":"closed","ping_status":"open","sticky":false,"template":"","format":"standard","meta":[],"categories":[11,25],"tags":[],"_links":{"self":[{"href":"https:\/\/ste-clm.com\/permisos3\/wp-json\/wp\/v2\/posts\/893"}],"collection":[{"href":"https:\/\/ste-clm.com\/permisos3\/wp-json\/wp\/v2\/posts"}],"about":[{"href":"https:\/\/ste-clm.com\/permisos3\/wp-json\/wp\/v2\/types\/post"}],"author":[{"embeddable":true,"href":"https:\/\/ste-clm.com\/permisos3\/wp-json\/wp\/v2\/users\/2"}],"replies":[{"embeddable":true,"href":"https:\/\/ste-clm.com\/permisos3\/wp-json\/wp\/v2\/comments?post=893"}],"version-history":[{"count":6,"href":"https:\/\/ste-clm.com\/permisos3\/wp-json\/wp\/v2\/posts\/893\/revisions"}],"predecessor-version":[{"id":2785,"href":"https:\/\/ste-clm.com\/permisos3\/wp-json\/wp\/v2\/posts\/893\/revisions\/2785"}],"wp:featuredmedia":[{"embeddable":true,"href":"https:\/\/ste-clm.com\/permisos3\/wp-json\/wp\/v2\/media\/983"}],"wp:attachment":[{"href":"https:\/\/ste-clm.com\/permisos3\/wp-json\/wp\/v2\/media?parent=893"}],"wp:term":[{"taxonomy":"category","embeddable":true,"href":"https:\/\/ste-clm.com\/permisos3\/wp-json\/wp\/v2\/categories?post=893"},{"taxonomy":"post_tag","embeddable":true,"href":"https:\/\/ste-clm.com\/permisos3\/wp-json\/wp\/v2\/tags?post=893"}],"curies":[{"name":"wp","href":"https:\/\/api.w.org\/{rel}","templated":true}]}}