{"id":857,"date":"2018-12-09T15:37:41","date_gmt":"2018-12-09T15:37:41","guid":{"rendered":"https:\/\/ste-clm.com\/permisos\/?p=857"},"modified":"2025-06-12T09:03:40","modified_gmt":"2025-06-12T09:03:40","slug":"permiso-por-participacion-en-proyectos-de-cooperacion-internacional-para-el-desarrollo","status":"publish","type":"post","link":"https:\/\/ste-clm.com\/permisos3\/permiso-por-participacion-en-proyectos-de-cooperacion-internacional-para-el-desarrollo\/","title":{"rendered":"PERMISO POR PARTICIPACI\u00d3N EN PROYECTOS DE COOPERACI\u00d3N INTERNACIONAL PARA EL DESARROLLO"},"content":{"rendered":"\t\t<div data-elementor-type=\"wp-post\" data-elementor-id=\"857\" class=\"elementor elementor-857\">\n\t\t\t\t\t\t<div class=\"elementor-inner\">\n\t\t\t\t<div class=\"elementor-section-wrap\">\n\t\t\t\t\t\t\t\t\t<section class=\"elementor-section elementor-top-section elementor-element elementor-element-6a9d890b elementor-section-boxed elementor-section-height-default elementor-section-height-default\" data-id=\"6a9d890b\" data-element_type=\"section\">\n\t\t\t\t\t\t<div class=\"elementor-container elementor-column-gap-default\">\n\t\t\t\t\t\t\t<div class=\"elementor-row\">\n\t\t\t\t\t<div class=\"elementor-column elementor-col-100 elementor-top-column elementor-element elementor-element-a6fe575\" data-id=\"a6fe575\" data-element_type=\"column\">\n\t\t\t<div class=\"elementor-column-wrap elementor-element-populated\">\n\t\t\t\t\t\t\t<div class=\"elementor-widget-wrap\">\n\t\t\t\t\t\t<div class=\"elementor-element elementor-element-5e821ba3 elementor-tabs-view-vertical elementor-widget elementor-widget-tabs\" data-id=\"5e821ba3\" data-element_type=\"widget\" data-widget_type=\"tabs.default\">\n\t\t\t\t<div class=\"elementor-widget-container\">\n\t\t\t\t\t<div class=\"elementor-tabs\">\n\t\t\t<div class=\"elementor-tabs-wrapper\" role=\"tablist\" >\n\t\t\t\t\t\t\t\t\t<div id=\"elementor-tab-title-1581\" class=\"elementor-tab-title elementor-tab-desktop-title\" aria-selected=\"true\" data-tab=\"1\" role=\"tab\" tabindex=\"0\" aria-controls=\"elementor-tab-content-1581\" aria-expanded=\"false\"><a href=\"\">DESCRIPCI\u00d3N<\/a><\/div>\n\t\t\t\t\t\t\t\t\t<div id=\"elementor-tab-title-1582\" class=\"elementor-tab-title elementor-tab-desktop-title\" aria-selected=\"false\" data-tab=\"2\" role=\"tab\" tabindex=\"-1\" aria-controls=\"elementor-tab-content-1582\" aria-expanded=\"false\"><a href=\"\">PERMISO<\/a><\/div>\n\t\t\t\t\t\t\t\t\t<div id=\"elementor-tab-title-1583\" class=\"elementor-tab-title elementor-tab-desktop-title\" aria-selected=\"false\" data-tab=\"3\" role=\"tab\" tabindex=\"-1\" aria-controls=\"elementor-tab-content-1583\" aria-expanded=\"false\"><a href=\"\">SOLICIT.\/DOCUMENT.<\/a><\/div>\n\t\t\t\t\t\t\t\t\t<div id=\"elementor-tab-title-1584\" class=\"elementor-tab-title elementor-tab-desktop-title\" aria-selected=\"false\" data-tab=\"4\" role=\"tab\" tabindex=\"-1\" aria-controls=\"elementor-tab-content-1584\" aria-expanded=\"false\"><a href=\"\">OBSERVACIONES<\/a><\/div>\n\t\t\t\t\t\t\t\t\t<div id=\"elementor-tab-title-1585\" class=\"elementor-tab-title elementor-tab-desktop-title\" aria-selected=\"false\" data-tab=\"5\" role=\"tab\" tabindex=\"-1\" aria-controls=\"elementor-tab-content-1585\" aria-expanded=\"false\"><a href=\"\">NORMATIVA<\/a><\/div>\n\t\t\t\t\t\t\t<\/div>\n\t\t\t<div class=\"elementor-tabs-content-wrapper\" role=\"tablist\" aria-orientation=\"vertical\">\n\t\t\t\t\t\t\t\t\t<div class=\"elementor-tab-title elementor-tab-mobile-title\" aria-selected=\"true\" data-tab=\"1\" role=\"tab\" tabindex=\"0\" aria-controls=\"elementor-tab-content-1581\" aria-expanded=\"false\">DESCRIPCI\u00d3N<\/div>\n\t\t\t\t\t<div id=\"elementor-tab-content-1581\" class=\"elementor-tab-content elementor-clearfix\" data-tab=\"1\" role=\"tabpanel\" aria-labelledby=\"elementor-tab-title-1581\" tabindex=\"0\" hidden=\"false\"><ul><li>El personal empleado p\u00fablico que participe en proyectos de acci\u00f3n humanitaria y de emergencia podr\u00e1 obtener un permiso retribuido de hasta tres meses cada dos a\u00f1os, siempre que por la Direcci\u00f3n General competente en materia de cooperaci\u00f3n internacional para el desarrollo se califiquen las mismas como acciones humanitarias o de emergencia.<\/li><li>Asimismo,\u00a0 el personal empleado p\u00fablico que desee participar en proyectos de cooperaci\u00f3n para el desarrollo financiados por el Fondo Castellano-Manchego de Cooperaci\u00f3n podr\u00e1 obtener un permiso sin retribuci\u00f3n, cuya duraci\u00f3n coincidir\u00e1 con la de su participaci\u00f3n en el proyecto y nunca superior a dos a\u00f1os.<\/li><\/ul><\/div>\n\t\t\t\t\t\t\t\t\t<div class=\"elementor-tab-title elementor-tab-mobile-title\" aria-selected=\"false\" data-tab=\"2\" role=\"tab\" tabindex=\"-1\" aria-controls=\"elementor-tab-content-1582\" aria-expanded=\"false\">PERMISO<\/div>\n\t\t\t\t\t<div id=\"elementor-tab-content-1582\" class=\"elementor-tab-content elementor-clearfix\" data-tab=\"2\" role=\"tabpanel\" aria-labelledby=\"elementor-tab-title-1582\" tabindex=\"0\" hidden=\"hidden\"><ul><li>Tres meses cada dos a\u00f1os.<\/li><li>Permiso por la duraci\u00f3n del proyecto, sin superar los dos a\u00f1os (para proyectos de cooperaci\u00f3n para el desarrollo financiados por el Fondo Castellano-Manchego de Cooperaci\u00f3n).<\/li><\/ul><\/div>\n\t\t\t\t\t\t\t\t\t<div class=\"elementor-tab-title elementor-tab-mobile-title\" aria-selected=\"false\" data-tab=\"3\" role=\"tab\" tabindex=\"-1\" aria-controls=\"elementor-tab-content-1583\" aria-expanded=\"false\">SOLICIT.\/DOCUMENT.<\/div>\n\t\t\t\t\t<div id=\"elementor-tab-content-1583\" class=\"elementor-tab-content elementor-clearfix\" data-tab=\"3\" role=\"tabpanel\" aria-labelledby=\"elementor-tab-title-1583\" tabindex=\"0\" hidden=\"hidden\"><ul><li>Solicitud a la Delegaci\u00f3n.<\/li><li>Acreditaci\u00f3n de los supuestos que motivan la solicitud del permiso.<\/li><\/ul><\/div>\n\t\t\t\t\t\t\t\t\t<div class=\"elementor-tab-title elementor-tab-mobile-title\" aria-selected=\"false\" data-tab=\"4\" role=\"tab\" tabindex=\"-1\" aria-controls=\"elementor-tab-content-1584\" aria-expanded=\"false\">OBSERVACIONES<\/div>\n\t\t\t\t\t<div id=\"elementor-tab-content-1584\" class=\"elementor-tab-content elementor-clearfix\" data-tab=\"4\" role=\"tabpanel\" aria-labelledby=\"elementor-tab-title-1584\" tabindex=\"0\" hidden=\"hidden\"><ul><li>Para funcionarias y funcionarios de carrera e interinos.<\/li><li>El permiso es retribuido.<\/li><li>Para la concesi\u00f3n del permiso el proyecto debe tener la calificaci\u00f3n de acciones humanitarias o de emergencia.<\/li><li>Se puede pedir un permiso sin retribuci\u00f3n, de dos a\u00f1os m\u00e1ximo de duraci\u00f3n (a disfrutar de forma continuada), si se desea participar en proyectos de cooperaci\u00f3n del Fondo Castellano-Manchego de Cooperaci\u00f3n o con cargo a las partidas de los Presupuestos Generales de la Junta de Comunidades de Castilla-La Mancha.<\/li><li>Si se disfruta del permiso del punto anterior, no se puede volver a solicitar hasta transcurridos tres a\u00f1os desde su finalizaci\u00f3n.<\/li><li>Al personal funcionario de carrera se le reservar\u00e1 el puesto de trabajo al que se encuentre adscrito con car\u00e1cter definitivo.<\/li><\/ul><\/div>\n\t\t\t\t\t\t\t\t\t<div class=\"elementor-tab-title elementor-tab-mobile-title\" aria-selected=\"false\" data-tab=\"5\" role=\"tab\" tabindex=\"-1\" aria-controls=\"elementor-tab-content-1585\" aria-expanded=\"false\">NORMATIVA<\/div>\n\t\t\t\t\t<div id=\"elementor-tab-content-1585\" class=\"elementor-tab-content elementor-clearfix\" data-tab=\"5\" role=\"tabpanel\" aria-labelledby=\"elementor-tab-title-1585\" tabindex=\"0\" hidden=\"hidden\"><p><em><strong> \u2022 Resoluci\u00f3n de 02\/10\/2024, de la Direcci\u00f3n General de Aut\u00f3nomos, Trabajo y Econom\u00eda Social, por la que se acepta el dep\u00f3sito y se dispone la publicaci\u00f3n del acuerdo por el que se adec\u00faa a la legislaci\u00f3n vigente el II Plan para la conciliaci\u00f3n de la vida personal, familiar y laboral de las empleadas p\u00fablicas y de los empleados p\u00fablicos de la Administraci\u00f3n de la Junta de Comunidades de Castilla-La Mancha (2.17)<\/strong><\/em><br \/>\u25e6 El personal empleado p\u00fablico que participe en proyectos de acci\u00f3n humanitaria y de emergencia podr\u00e1 obtener un permiso retribuido de hasta tres meses cada dos a\u00f1os, siempre que por la Direcci\u00f3n General competente en materia de cooperaci\u00f3n internacional para el desarrollo se califiquen las mismas como acciones humanitarias o de emergencia.<br \/>\u25e6 El personal empleado p\u00fablico que desee participar en proyectos de cooperaci\u00f3n para el desarrollo financiados por el Fondo Castellano-Manchego de Cooperaci\u00f3n o con cargo a las partidas de los Presupuestos Generales de la Junta de Comunidades de Castilla-La Mancha destinadas a esta materia podr\u00e1 obtener un permiso sin retribuci\u00f3n, a disfrutar de forma continuada, cuya duraci\u00f3n coincidir\u00e1 con la de su participaci\u00f3n en el proyecto, sin que en ning\u00fan caso pueda ser superior a dos a\u00f1os. Quienes hayan disfrutado este permiso no podr\u00e1n obtener otro para el mismo o diferente proyecto hasta que hayan transcurrido tres a\u00f1os desde la finalizaci\u00f3n del permiso concedido.<\/p><\/div>\n\t\t\t\t\t\t\t<\/div>\n\t\t<\/div>\n\t\t\t\t<\/div>\n\t\t\t\t<\/div>\n\t\t\t\t\t\t<\/div>\n\t\t\t\t\t<\/div>\n\t\t<\/div>\n\t\t\t\t\t\t\t\t<\/div>\n\t\t\t\t\t<\/div>\n\t\t<\/section>\n\t\t\t\t\t\t\t\t\t<\/div>\n\t\t\t<\/div>\n\t\t\t\t\t<\/div>\n\t\t","protected":false},"excerpt":{"rendered":"<p> [&hellip;]<\/p>\n","protected":false},"author":2,"featured_media":992,"comment_status":"closed","ping_status":"open","sticky":false,"template":"","format":"standard","meta":[],"categories":[11,25],"tags":[],"_links":{"self":[{"href":"https:\/\/ste-clm.com\/permisos3\/wp-json\/wp\/v2\/posts\/857"}],"collection":[{"href":"https:\/\/ste-clm.com\/permisos3\/wp-json\/wp\/v2\/posts"}],"about":[{"href":"https:\/\/ste-clm.com\/permisos3\/wp-json\/wp\/v2\/types\/post"}],"author":[{"embeddable":true,"href":"https:\/\/ste-clm.com\/permisos3\/wp-json\/wp\/v2\/users\/2"}],"replies":[{"embeddable":true,"href":"https:\/\/ste-clm.com\/permisos3\/wp-json\/wp\/v2\/comments?post=857"}],"version-history":[{"count":9,"href":"https:\/\/ste-clm.com\/permisos3\/wp-json\/wp\/v2\/posts\/857\/revisions"}],"predecessor-version":[{"id":2803,"href":"https:\/\/ste-clm.com\/permisos3\/wp-json\/wp\/v2\/posts\/857\/revisions\/2803"}],"wp:featuredmedia":[{"embeddable":true,"href":"https:\/\/ste-clm.com\/permisos3\/wp-json\/wp\/v2\/media\/992"}],"wp:attachment":[{"href":"https:\/\/ste-clm.com\/permisos3\/wp-json\/wp\/v2\/media?parent=857"}],"wp:term":[{"taxonomy":"category","embeddable":true,"href":"https:\/\/ste-clm.com\/permisos3\/wp-json\/wp\/v2\/categories?post=857"},{"taxonomy":"post_tag","embeddable":true,"href":"https:\/\/ste-clm.com\/permisos3\/wp-json\/wp\/v2\/tags?post=857"}],"curies":[{"name":"wp","href":"https:\/\/api.w.org\/{rel}","templated":true}]}}