{"id":777,"date":"2018-12-09T13:07:22","date_gmt":"2018-12-09T13:07:22","guid":{"rendered":"https:\/\/ste-clm.com\/permisos\/?p=777"},"modified":"2020-11-16T12:34:32","modified_gmt":"2020-11-16T12:34:32","slug":"indisposicion-durante-la-jornada-laboral-que-no-se-prolongue-mas-de-un-dia","status":"publish","type":"post","link":"https:\/\/ste-clm.com\/permisos3\/indisposicion-durante-la-jornada-laboral-que-no-se-prolongue-mas-de-un-dia\/","title":{"rendered":"INDISPOSICI\u00d3N DURANTE LA JORNADA LABORAL (Que no se prolongue m\u00e1s de un d\u00eda)"},"content":{"rendered":"\t\t<div data-elementor-type=\"wp-post\" data-elementor-id=\"777\" class=\"elementor elementor-777\">\n\t\t\t\t\t\t<div class=\"elementor-inner\">\n\t\t\t\t<div class=\"elementor-section-wrap\">\n\t\t\t\t\t\t\t\t\t<section class=\"elementor-section elementor-top-section elementor-element elementor-element-7c5d248c elementor-section-boxed elementor-section-height-default elementor-section-height-default\" data-id=\"7c5d248c\" data-element_type=\"section\">\n\t\t\t\t\t\t<div class=\"elementor-container elementor-column-gap-default\">\n\t\t\t\t\t\t\t<div class=\"elementor-row\">\n\t\t\t\t\t<div class=\"elementor-column elementor-col-100 elementor-top-column elementor-element elementor-element-68f60325\" data-id=\"68f60325\" data-element_type=\"column\">\n\t\t\t<div class=\"elementor-column-wrap elementor-element-populated\">\n\t\t\t\t\t\t\t<div class=\"elementor-widget-wrap\">\n\t\t\t\t\t\t<div class=\"elementor-element elementor-element-3115051e elementor-tabs-view-vertical elementor-widget elementor-widget-tabs\" data-id=\"3115051e\" data-element_type=\"widget\" data-widget_type=\"tabs.default\">\n\t\t\t\t<div class=\"elementor-widget-container\">\n\t\t\t\t\t<div class=\"elementor-tabs\">\n\t\t\t<div class=\"elementor-tabs-wrapper\" role=\"tablist\" >\n\t\t\t\t\t\t\t\t\t<div id=\"elementor-tab-title-8231\" class=\"elementor-tab-title elementor-tab-desktop-title\" aria-selected=\"true\" data-tab=\"1\" role=\"tab\" tabindex=\"0\" aria-controls=\"elementor-tab-content-8231\" aria-expanded=\"false\"><a href=\"\">PERMISO<\/a><\/div>\n\t\t\t\t\t\t\t\t\t<div id=\"elementor-tab-title-8232\" class=\"elementor-tab-title elementor-tab-desktop-title\" aria-selected=\"false\" data-tab=\"2\" role=\"tab\" tabindex=\"-1\" aria-controls=\"elementor-tab-content-8232\" aria-expanded=\"false\"><a href=\"\">DOCUMENTACI\u00d3N<\/a><\/div>\n\t\t\t\t\t\t\t\t\t<div id=\"elementor-tab-title-8233\" class=\"elementor-tab-title elementor-tab-desktop-title\" aria-selected=\"false\" data-tab=\"3\" role=\"tab\" tabindex=\"-1\" aria-controls=\"elementor-tab-content-8233\" aria-expanded=\"false\"><a href=\"\">OBSERVACIONES<\/a><\/div>\n\t\t\t\t\t\t\t\t\t<div id=\"elementor-tab-title-8234\" class=\"elementor-tab-title elementor-tab-desktop-title\" aria-selected=\"false\" data-tab=\"4\" role=\"tab\" tabindex=\"-1\" aria-controls=\"elementor-tab-content-8234\" aria-expanded=\"false\"><a href=\"\">NORMATIVA<\/a><\/div>\n\t\t\t\t\t\t\t<\/div>\n\t\t\t<div class=\"elementor-tabs-content-wrapper\" role=\"tablist\" aria-orientation=\"vertical\">\n\t\t\t\t\t\t\t\t\t<div class=\"elementor-tab-title elementor-tab-mobile-title\" aria-selected=\"true\" data-tab=\"1\" role=\"tab\" tabindex=\"0\" aria-controls=\"elementor-tab-content-8231\" aria-expanded=\"false\">PERMISO<\/div>\n\t\t\t\t\t<div id=\"elementor-tab-content-8231\" class=\"elementor-tab-content elementor-clearfix\" data-tab=\"1\" role=\"tabpanel\" aria-labelledby=\"elementor-tab-title-8231\" tabindex=\"0\" hidden=\"false\"><p>\u2022El d\u00eda de la indisposici\u00f3n.<\/p><\/div>\n\t\t\t\t\t\t\t\t\t<div class=\"elementor-tab-title elementor-tab-mobile-title\" aria-selected=\"false\" data-tab=\"2\" role=\"tab\" tabindex=\"-1\" aria-controls=\"elementor-tab-content-8232\" aria-expanded=\"false\">DOCUMENTACI\u00d3N<\/div>\n\t\t\t\t\t<div id=\"elementor-tab-content-8232\" class=\"elementor-tab-content elementor-clearfix\" data-tab=\"2\" role=\"tabpanel\" aria-labelledby=\"elementor-tab-title-8232\" tabindex=\"0\" hidden=\"hidden\"><p>\u2022 Baja M\u00e9dica.<br \/>\u2022 Excepcionalmente se podr\u00e1 aportar un justificante m\u00e9dico.<\/p><\/div>\n\t\t\t\t\t\t\t\t\t<div class=\"elementor-tab-title elementor-tab-mobile-title\" aria-selected=\"false\" data-tab=\"3\" role=\"tab\" tabindex=\"-1\" aria-controls=\"elementor-tab-content-8233\" aria-expanded=\"false\">OBSERVACIONES<\/div>\n\t\t\t\t\t<div id=\"elementor-tab-content-8233\" class=\"elementor-tab-content elementor-clearfix\" data-tab=\"3\" role=\"tabpanel\" aria-labelledby=\"elementor-tab-title-8233\" tabindex=\"0\" hidden=\"hidden\"><div id=\"elementor-tab-content-2982\" class=\"elementor-tab-content elementor-clearfix elementor-active\" role=\"tabpanel\" data-tab=\"2\" aria-labelledby=\"elementor-tab-title-2982\"><p>\u2022La justificaci\u00f3n de los 3 primeros d\u00edas se realiza con justificante m\u00e9dico.<\/p><p>\u2022Si la ausencia se prolonga m\u00e1s de tres d\u00edas consecutivos laborables es necesario el parte m\u00e9dico de baja para justificarlos.<\/p><p>\u2022Comunicaci\u00f3n obligatoria a la Direcci\u00f3n o Jefatura de Estudios.<\/p><p>\u2022Los d\u00edas de reposo por prescripci\u00f3n facultativa son d\u00edas naturales.<\/p><\/div><\/div>\n\t\t\t\t\t\t\t\t\t<div class=\"elementor-tab-title elementor-tab-mobile-title\" aria-selected=\"false\" data-tab=\"4\" role=\"tab\" tabindex=\"-1\" aria-controls=\"elementor-tab-content-8234\" aria-expanded=\"false\">NORMATIVA<\/div>\n\t\t\t\t\t<div id=\"elementor-tab-content-8234\" class=\"elementor-tab-content elementor-clearfix\" data-tab=\"4\" role=\"tabpanel\" aria-labelledby=\"elementor-tab-title-8234\" tabindex=\"0\" hidden=\"hidden\"><h3 style=\"text-align: center;\">[ Acuerdo ]<\/h3>\n<a href=\"https:\/\/docm.castillalamancha.es\/portaldocm\/descargarArchivo.do?ruta=2019\/12\/27\/pdf\/2019_11575.pdf&#038;tipo=rutaDocm\" target=\"_blank\" rel=\"noopener\">Ley 11\/2019, de 20 de diciembre, de Medidas Administrativas y Tributarias de Castilla-La Mancha [2019\/11575]<\/a>\n<h3 style=\"text-align: center;\">[ Instrucci\u00f3n ]<\/h3>\n<a href=\"https:\/\/ste-clm.com\/permisos3\/permisos\/wp-content\/uploads\/2020\/01\/Instruccio\u0301n-Ley-112019-de-20-de-diciembre-de-Medidas-Administrativas-y-Tributarias-de-Castilla-La-Mancha-referente-a-Complemento-IT.pdf\" target=\"_blank\" rel=\"noopener\">Instruccio\u0301n Ley 112019, de 20 de diciembre, de Medidas Administrativas y Tributarias de Castilla-La Mancha referente a Complemento IT<\/a><\/div>\n\t\t\t\t\t\t\t<\/div>\n\t\t<\/div>\n\t\t\t\t<\/div>\n\t\t\t\t<\/div>\n\t\t\t\t\t\t<\/div>\n\t\t\t\t\t<\/div>\n\t\t<\/div>\n\t\t\t\t\t\t\t\t<\/div>\n\t\t\t\t\t<\/div>\n\t\t<\/section>\n\t\t\t\t\t\t\t\t\t<\/div>\n\t\t\t<\/div>\n\t\t\t\t\t<\/div>\n\t\t","protected":false},"excerpt":{"rendered":"<p> [&hellip;]<\/p>\n","protected":false},"author":2,"featured_media":1010,"comment_status":"closed","ping_status":"open","sticky":false,"template":"","format":"standard","meta":[],"categories":[5],"tags":[],"_links":{"self":[{"href":"https:\/\/ste-clm.com\/permisos3\/wp-json\/wp\/v2\/posts\/777"}],"collection":[{"href":"https:\/\/ste-clm.com\/permisos3\/wp-json\/wp\/v2\/posts"}],"about":[{"href":"https:\/\/ste-clm.com\/permisos3\/wp-json\/wp\/v2\/types\/post"}],"author":[{"embeddable":true,"href":"https:\/\/ste-clm.com\/permisos3\/wp-json\/wp\/v2\/users\/2"}],"replies":[{"embeddable":true,"href":"https:\/\/ste-clm.com\/permisos3\/wp-json\/wp\/v2\/comments?post=777"}],"version-history":[{"count":2,"href":"https:\/\/ste-clm.com\/permisos3\/wp-json\/wp\/v2\/posts\/777\/revisions"}],"predecessor-version":[{"id":1882,"href":"https:\/\/ste-clm.com\/permisos3\/wp-json\/wp\/v2\/posts\/777\/revisions\/1882"}],"wp:featuredmedia":[{"embeddable":true,"href":"https:\/\/ste-clm.com\/permisos3\/wp-json\/wp\/v2\/media\/1010"}],"wp:attachment":[{"href":"https:\/\/ste-clm.com\/permisos3\/wp-json\/wp\/v2\/media?parent=777"}],"wp:term":[{"taxonomy":"category","embeddable":true,"href":"https:\/\/ste-clm.com\/permisos3\/wp-json\/wp\/v2\/categories?post=777"},{"taxonomy":"post_tag","embeddable":true,"href":"https:\/\/ste-clm.com\/permisos3\/wp-json\/wp\/v2\/tags?post=777"}],"curies":[{"name":"wp","href":"https:\/\/api.w.org\/{rel}","templated":true}]}}