{"id":2405,"date":"2023-10-18T08:49:56","date_gmt":"2023-10-18T08:49:56","guid":{"rendered":"https:\/\/ste-clm.com\/permisos3\/?p=2405"},"modified":"2023-10-25T12:14:01","modified_gmt":"2023-10-25T12:14:01","slug":"reduccion-de-jornada-para-victimas-de-terrorismo","status":"publish","type":"post","link":"https:\/\/ste-clm.com\/permisos3\/reduccion-de-jornada-para-victimas-de-terrorismo\/","title":{"rendered":"REDUCCI\u00d3N DE JORNADA PARA V\u00cdCTIMAS DE TERRORISMO"},"content":{"rendered":"\t\t<div data-elementor-type=\"wp-post\" data-elementor-id=\"2405\" class=\"elementor elementor-2405\">\n\t\t\t\t\t\t<div class=\"elementor-inner\">\n\t\t\t\t<div class=\"elementor-section-wrap\">\n\t\t\t\t\t\t\t\t\t<section class=\"elementor-section elementor-top-section elementor-element elementor-element-88f6e68 elementor-section-boxed elementor-section-height-default elementor-section-height-default\" data-id=\"88f6e68\" data-element_type=\"section\">\n\t\t\t\t\t\t<div class=\"elementor-container elementor-column-gap-default\">\n\t\t\t\t\t\t\t<div class=\"elementor-row\">\n\t\t\t\t\t<div class=\"elementor-column elementor-col-100 elementor-top-column elementor-element elementor-element-844fdb3\" data-id=\"844fdb3\" data-element_type=\"column\">\n\t\t\t<div class=\"elementor-column-wrap elementor-element-populated\">\n\t\t\t\t\t\t\t<div class=\"elementor-widget-wrap\">\n\t\t\t\t\t\t<div class=\"elementor-element elementor-element-c18cb68 elementor-tabs-view-vertical elementor-widget elementor-widget-tabs\" data-id=\"c18cb68\" data-element_type=\"widget\" data-widget_type=\"tabs.default\">\n\t\t\t\t<div class=\"elementor-widget-container\">\n\t\t\t\t\t<div class=\"elementor-tabs\">\n\t\t\t<div class=\"elementor-tabs-wrapper\" role=\"tablist\" >\n\t\t\t\t\t\t\t\t\t<div id=\"elementor-tab-title-2021\" class=\"elementor-tab-title elementor-tab-desktop-title\" aria-selected=\"true\" data-tab=\"1\" role=\"tab\" tabindex=\"0\" aria-controls=\"elementor-tab-content-2021\" aria-expanded=\"false\"><a href=\"\">DESCRIPCI\u00d3N<\/a><\/div>\n\t\t\t\t\t\t\t\t\t<div id=\"elementor-tab-title-2022\" class=\"elementor-tab-title elementor-tab-desktop-title\" aria-selected=\"false\" data-tab=\"2\" role=\"tab\" tabindex=\"-1\" aria-controls=\"elementor-tab-content-2022\" aria-expanded=\"false\"><a href=\"\">PERMISO<\/a><\/div>\n\t\t\t\t\t\t\t\t\t<div id=\"elementor-tab-title-2023\" class=\"elementor-tab-title elementor-tab-desktop-title\" aria-selected=\"false\" data-tab=\"3\" role=\"tab\" tabindex=\"-1\" aria-controls=\"elementor-tab-content-2023\" aria-expanded=\"false\"><a href=\"\">SOLICIT.\/DOCUMENT.<\/a><\/div>\n\t\t\t\t\t\t\t\t\t<div id=\"elementor-tab-title-2024\" class=\"elementor-tab-title elementor-tab-desktop-title\" aria-selected=\"false\" data-tab=\"4\" role=\"tab\" tabindex=\"-1\" aria-controls=\"elementor-tab-content-2024\" aria-expanded=\"false\"><a href=\"\">OBSERVACIONES<\/a><\/div>\n\t\t\t\t\t\t\t\t\t<div id=\"elementor-tab-title-2025\" class=\"elementor-tab-title elementor-tab-desktop-title\" aria-selected=\"false\" data-tab=\"5\" role=\"tab\" tabindex=\"-1\" aria-controls=\"elementor-tab-content-2025\" aria-expanded=\"false\"><a href=\"\">NORMATIVA<\/a><\/div>\n\t\t\t\t\t\t\t<\/div>\n\t\t\t<div class=\"elementor-tabs-content-wrapper\" role=\"tablist\" aria-orientation=\"vertical\">\n\t\t\t\t\t\t\t\t\t<div class=\"elementor-tab-title elementor-tab-mobile-title\" aria-selected=\"true\" data-tab=\"1\" role=\"tab\" tabindex=\"0\" aria-controls=\"elementor-tab-content-2021\" aria-expanded=\"false\">DESCRIPCI\u00d3N<\/div>\n\t\t\t\t\t<div id=\"elementor-tab-content-2021\" class=\"elementor-tab-content elementor-clearfix\" data-tab=\"1\" role=\"tabpanel\" aria-labelledby=\"elementor-tab-title-2021\" tabindex=\"0\" hidden=\"false\"><ul><li>Permiso consistente en la reducci\u00f3n de la jornada con disminuci\u00f3n proporcional de las retribuciones, para los funcionarios y funcionarias que hayan sufrido da\u00f1os f\u00edsicos o ps\u00edquicos como consecuencia de la actividad terrorista, su c\u00f3nyuge o persona con an\u00e1loga relaci\u00f3n de afectividad, y los hijos de los heridos y fallecidos, si son funcionarios, as\u00ed como las funcionarias y funcionarios amenazados.<\/li><\/ul><\/div>\n\t\t\t\t\t\t\t\t\t<div class=\"elementor-tab-title elementor-tab-mobile-title\" aria-selected=\"false\" data-tab=\"2\" role=\"tab\" tabindex=\"-1\" aria-controls=\"elementor-tab-content-2022\" aria-expanded=\"false\">PERMISO<\/div>\n\t\t\t\t\t<div id=\"elementor-tab-content-2022\" class=\"elementor-tab-content elementor-clearfix\" data-tab=\"2\" role=\"tabpanel\" aria-labelledby=\"elementor-tab-title-2022\" tabindex=\"0\" hidden=\"hidden\"><ul><li>Reducci\u00f3n de jornada, reordenaci\u00f3n del tiempo de trabajo o flexibilizaci\u00f3n del horario.<\/li><\/ul><\/div>\n\t\t\t\t\t\t\t\t\t<div class=\"elementor-tab-title elementor-tab-mobile-title\" aria-selected=\"false\" data-tab=\"3\" role=\"tab\" tabindex=\"-1\" aria-controls=\"elementor-tab-content-2023\" aria-expanded=\"false\">SOLICIT.\/DOCUMENT.<\/div>\n\t\t\t\t\t<div id=\"elementor-tab-content-2023\" class=\"elementor-tab-content elementor-clearfix\" data-tab=\"3\" role=\"tabpanel\" aria-labelledby=\"elementor-tab-title-2023\" tabindex=\"0\" hidden=\"hidden\"><ul><li>Solicitud<\/li><li>Acreditaci\u00f3n como v\u00edctima de terrorismo.<\/li><\/ul><\/div>\n\t\t\t\t\t\t\t\t\t<div class=\"elementor-tab-title elementor-tab-mobile-title\" aria-selected=\"false\" data-tab=\"4\" role=\"tab\" tabindex=\"-1\" aria-controls=\"elementor-tab-content-2024\" aria-expanded=\"false\">OBSERVACIONES<\/div>\n\t\t\t\t\t<div id=\"elementor-tab-content-2024\" class=\"elementor-tab-content elementor-clearfix\" data-tab=\"4\" role=\"tabpanel\" aria-labelledby=\"elementor-tab-title-2024\" tabindex=\"0\" hidden=\"hidden\"><ul><li>Para funcionarias y funcionarios de carrera e interinos que sean v\u00edctimas de terrorismo.<\/li><li>La reducci\u00f3n tambi\u00e9n la pueden solicitar los c\u00f3nyuges, parejas de hecho y los hijos\/as de los heridos y fallecidos.<\/li><li>Esta reducci\u00f3n de jornada conlleva la disminuci\u00f3n proporcional de retribuciones.<\/li><li>Las medidas ser\u00e1n mantenidos en el tiempo en tanto que resulten necesarias para la protecci\u00f3n y asistencia social integral, por razones de secuelas o amenaza.<\/li><\/ul><\/div>\n\t\t\t\t\t\t\t\t\t<div class=\"elementor-tab-title elementor-tab-mobile-title\" aria-selected=\"false\" data-tab=\"5\" role=\"tab\" tabindex=\"-1\" aria-controls=\"elementor-tab-content-2025\" aria-expanded=\"false\">NORMATIVA<\/div>\n\t\t\t\t\t<div id=\"elementor-tab-content-2025\" class=\"elementor-tab-content elementor-clearfix\" data-tab=\"5\" role=\"tabpanel\" aria-labelledby=\"elementor-tab-title-2025\" tabindex=\"0\" hidden=\"hidden\"><ul><li><h4>Real Decreto Legislativo 5\/2015, de 30 de octubre, por el que se aprueba el texto refundido de la Ley del Estatuto B\u00e1sico del Empleado P\u00fablico (Art.49 f)<\/h4><ul><li>Para hacer efectivo su derecho a la protecci\u00f3n y a la asistencia social integral, los funcionarios que hayan sufrido da\u00f1os f\u00edsicos o ps\u00edquicos como consecuencia de la actividad terrorista, su c\u00f3nyuge o persona con an\u00e1loga relaci\u00f3n de afectividad, y los hijos de los heridos y fallecidos, siempre que ostenten la condici\u00f3n de funcionarios y de v\u00edctimas del terrorismo de acuerdo con la legislaci\u00f3n vigente, as\u00ed como los funcionarios amenazados en los t\u00e9rminos del art\u00edculo 5 de la Ley 29\/2011, de 22 de septiembre, de Reconocimiento y Protecci\u00f3n Integral a las V\u00edctimas del Terrorismo, previo reconocimiento del Ministerio del Interior o de sentencia judicial firme, tendr\u00e1n derecho a la reducci\u00f3n de la jornada con disminuci\u00f3n proporcional de la retribuci\u00f3n, o a la reordenaci\u00f3n del tiempo de trabajo, a trav\u00e9s de la adaptaci\u00f3n del horario, de la aplicaci\u00f3n del horario flexible o de otras formas de ordenaci\u00f3n del tiempo de trabajo que sean aplicables, en los t\u00e9rminos que establezca la Administraci\u00f3n competente en cada caso.<\/li><li>Dichas medidas ser\u00e1n adoptadas y mantenidas en el tiempo en tanto que resulten necesarias para la protecci\u00f3n y asistencia social integral de la persona a la que se concede, ya sea por raz\u00f3n de las secuelas provocadas por la acci\u00f3n terrorista, ya sea por la amenaza a la que se encuentra sometida, en los t\u00e9rminos previstos reglamentariamente.<\/li><\/ul><\/li><\/ul><\/div>\n\t\t\t\t\t\t\t<\/div>\n\t\t<\/div>\n\t\t\t\t<\/div>\n\t\t\t\t<\/div>\n\t\t\t\t\t\t<\/div>\n\t\t\t\t\t<\/div>\n\t\t<\/div>\n\t\t\t\t\t\t\t\t<\/div>\n\t\t\t\t\t<\/div>\n\t\t<\/section>\n\t\t\t\t\t\t\t\t\t<\/div>\n\t\t\t<\/div>\n\t\t\t\t\t<\/div>\n\t\t","protected":false},"excerpt":{"rendered":"<p> [&hellip;]<\/p>\n","protected":false},"author":11,"featured_media":993,"comment_status":"open","ping_status":"open","sticky":false,"template":"","format":"standard","meta":[],"categories":[11,25],"tags":[],"_links":{"self":[{"href":"https:\/\/ste-clm.com\/permisos3\/wp-json\/wp\/v2\/posts\/2405"}],"collection":[{"href":"https:\/\/ste-clm.com\/permisos3\/wp-json\/wp\/v2\/posts"}],"about":[{"href":"https:\/\/ste-clm.com\/permisos3\/wp-json\/wp\/v2\/types\/post"}],"author":[{"embeddable":true,"href":"https:\/\/ste-clm.com\/permisos3\/wp-json\/wp\/v2\/users\/11"}],"replies":[{"embeddable":true,"href":"https:\/\/ste-clm.com\/permisos3\/wp-json\/wp\/v2\/comments?post=2405"}],"version-history":[{"count":8,"href":"https:\/\/ste-clm.com\/permisos3\/wp-json\/wp\/v2\/posts\/2405\/revisions"}],"predecessor-version":[{"id":2538,"href":"https:\/\/ste-clm.com\/permisos3\/wp-json\/wp\/v2\/posts\/2405\/revisions\/2538"}],"wp:featuredmedia":[{"embeddable":true,"href":"https:\/\/ste-clm.com\/permisos3\/wp-json\/wp\/v2\/media\/993"}],"wp:attachment":[{"href":"https:\/\/ste-clm.com\/permisos3\/wp-json\/wp\/v2\/media?parent=2405"}],"wp:term":[{"taxonomy":"category","embeddable":true,"href":"https:\/\/ste-clm.com\/permisos3\/wp-json\/wp\/v2\/categories?post=2405"},{"taxonomy":"post_tag","embeddable":true,"href":"https:\/\/ste-clm.com\/permisos3\/wp-json\/wp\/v2\/tags?post=2405"}],"curies":[{"name":"wp","href":"https:\/\/api.w.org\/{rel}","templated":true}]}}