{"id":2140,"date":"2023-10-10T08:36:30","date_gmt":"2023-10-10T08:36:30","guid":{"rendered":"https:\/\/ste-clm.com\/permisos3\/?p=2140"},"modified":"2025-06-12T07:55:51","modified_gmt":"2025-06-12T07:55:51","slug":"permiso-retribuido-para-empleadas-en-estado-de-gestacion","status":"publish","type":"post","link":"https:\/\/ste-clm.com\/permisos3\/permiso-retribuido-para-empleadas-en-estado-de-gestacion\/","title":{"rendered":"PERMISO RETRIBUIDO PARA EMPLEADAS EN ESTADO DE GESTACI\u00d3N"},"content":{"rendered":"\t\t<div data-elementor-type=\"wp-post\" data-elementor-id=\"2140\" class=\"elementor elementor-2140\">\n\t\t\t\t\t\t<div class=\"elementor-inner\">\n\t\t\t\t<div class=\"elementor-section-wrap\">\n\t\t\t\t\t\t\t\t\t<section class=\"elementor-section elementor-top-section elementor-element elementor-element-6bb8995 elementor-section-boxed elementor-section-height-default elementor-section-height-default\" data-id=\"6bb8995\" data-element_type=\"section\">\n\t\t\t\t\t\t<div class=\"elementor-container elementor-column-gap-default\">\n\t\t\t\t\t\t\t<div class=\"elementor-row\">\n\t\t\t\t\t<div class=\"elementor-column elementor-col-100 elementor-top-column elementor-element elementor-element-fb9318d\" data-id=\"fb9318d\" data-element_type=\"column\">\n\t\t\t<div class=\"elementor-column-wrap elementor-element-populated\">\n\t\t\t\t\t\t\t<div class=\"elementor-widget-wrap\">\n\t\t\t\t\t\t<div class=\"elementor-element elementor-element-7199f32 elementor-tabs-view-vertical elementor-widget elementor-widget-tabs\" data-id=\"7199f32\" data-element_type=\"widget\" data-widget_type=\"tabs.default\">\n\t\t\t\t<div class=\"elementor-widget-container\">\n\t\t\t\t\t<div class=\"elementor-tabs\">\n\t\t\t<div class=\"elementor-tabs-wrapper\" role=\"tablist\" >\n\t\t\t\t\t\t\t\t\t<div id=\"elementor-tab-title-1191\" class=\"elementor-tab-title elementor-tab-desktop-title\" aria-selected=\"true\" data-tab=\"1\" role=\"tab\" tabindex=\"0\" aria-controls=\"elementor-tab-content-1191\" aria-expanded=\"false\"><a href=\"\">DESCRIPCI\u00d3N<\/a><\/div>\n\t\t\t\t\t\t\t\t\t<div id=\"elementor-tab-title-1192\" class=\"elementor-tab-title elementor-tab-desktop-title\" aria-selected=\"false\" data-tab=\"2\" role=\"tab\" tabindex=\"-1\" aria-controls=\"elementor-tab-content-1192\" aria-expanded=\"false\"><a href=\"\">PERMISO<\/a><\/div>\n\t\t\t\t\t\t\t\t\t<div id=\"elementor-tab-title-1193\" class=\"elementor-tab-title elementor-tab-desktop-title\" aria-selected=\"false\" data-tab=\"3\" role=\"tab\" tabindex=\"-1\" aria-controls=\"elementor-tab-content-1193\" aria-expanded=\"false\"><a href=\"\">SOLICIT.\/DOCUMENT.<\/a><\/div>\n\t\t\t\t\t\t\t\t\t<div id=\"elementor-tab-title-1194\" class=\"elementor-tab-title elementor-tab-desktop-title\" aria-selected=\"false\" data-tab=\"4\" role=\"tab\" tabindex=\"-1\" aria-controls=\"elementor-tab-content-1194\" aria-expanded=\"false\"><a href=\"\">OBSERVACIONES<\/a><\/div>\n\t\t\t\t\t\t\t\t\t<div id=\"elementor-tab-title-1195\" class=\"elementor-tab-title elementor-tab-desktop-title\" aria-selected=\"false\" data-tab=\"5\" role=\"tab\" tabindex=\"-1\" aria-controls=\"elementor-tab-content-1195\" aria-expanded=\"false\"><a href=\"\">NORMATIVA<\/a><\/div>\n\t\t\t\t\t\t\t<\/div>\n\t\t\t<div class=\"elementor-tabs-content-wrapper\" role=\"tablist\" aria-orientation=\"vertical\">\n\t\t\t\t\t\t\t\t\t<div class=\"elementor-tab-title elementor-tab-mobile-title\" aria-selected=\"true\" data-tab=\"1\" role=\"tab\" tabindex=\"0\" aria-controls=\"elementor-tab-content-1191\" aria-expanded=\"false\">DESCRIPCI\u00d3N<\/div>\n\t\t\t\t\t<div id=\"elementor-tab-content-1191\" class=\"elementor-tab-content elementor-clearfix\" data-tab=\"1\" role=\"tabpanel\" aria-labelledby=\"elementor-tab-title-1191\" tabindex=\"0\" hidden=\"false\"><ul><li>Las empleadas p\u00fablicas en estado de gestaci\u00f3n dispondr\u00e1n de un permiso retribuido a partir del d\u00eda primero de la semana 37 de embarazo, hasta la fecha del parto, desde la semana 35 para casos de gestaci\u00f3n m\u00faltiple.<\/li><\/ul><\/div>\n\t\t\t\t\t\t\t\t\t<div class=\"elementor-tab-title elementor-tab-mobile-title\" aria-selected=\"false\" data-tab=\"2\" role=\"tab\" tabindex=\"-1\" aria-controls=\"elementor-tab-content-1192\" aria-expanded=\"false\">PERMISO<\/div>\n\t\t\t\t\t<div id=\"elementor-tab-content-1192\" class=\"elementor-tab-content elementor-clearfix\" data-tab=\"2\" role=\"tabpanel\" aria-labelledby=\"elementor-tab-title-1192\" tabindex=\"0\" hidden=\"hidden\"><ul><li>Permiso desde el primer d\u00eda de la semana 37 de embarazo hasta la fecha del parto.<\/li><li>Permiso desde el primer d\u00eda de la semana 35 de embarazo hasta la fecha del parto, en caso de gestaci\u00f3n m\u00faltiple.<\/li><\/ul><\/div>\n\t\t\t\t\t\t\t\t\t<div class=\"elementor-tab-title elementor-tab-mobile-title\" aria-selected=\"false\" data-tab=\"3\" role=\"tab\" tabindex=\"-1\" aria-controls=\"elementor-tab-content-1193\" aria-expanded=\"false\">SOLICIT.\/DOCUMENT.<\/div>\n\t\t\t\t\t<div id=\"elementor-tab-content-1193\" class=\"elementor-tab-content elementor-clearfix\" data-tab=\"3\" role=\"tabpanel\" aria-labelledby=\"elementor-tab-title-1193\" tabindex=\"0\" hidden=\"hidden\"><ul><li>Solicitud.<\/li><li>Certificado m\u00e9dico de encontrarse en la semana 37 de embarazo o, si es el caso, en la semana 35 de embarazo.<\/li><\/ul><\/div>\n\t\t\t\t\t\t\t\t\t<div class=\"elementor-tab-title elementor-tab-mobile-title\" aria-selected=\"false\" data-tab=\"4\" role=\"tab\" tabindex=\"-1\" aria-controls=\"elementor-tab-content-1194\" aria-expanded=\"false\">OBSERVACIONES<\/div>\n\t\t\t\t\t<div id=\"elementor-tab-content-1194\" class=\"elementor-tab-content elementor-clearfix\" data-tab=\"4\" role=\"tabpanel\" aria-labelledby=\"elementor-tab-title-1194\" tabindex=\"0\" hidden=\"hidden\"><ul><li>Para funcionarias de carrera e interinas.<\/li><li>Este permiso no es incompatible con el permiso por nacimiento de un hijo.<\/li><li>Las docentes embarazadas que sean itinerantes, pueden dejar de itinerar a partir del quinto mes.<\/li><\/ul><\/div>\n\t\t\t\t\t\t\t\t\t<div class=\"elementor-tab-title elementor-tab-mobile-title\" aria-selected=\"false\" data-tab=\"5\" role=\"tab\" tabindex=\"-1\" aria-controls=\"elementor-tab-content-1195\" aria-expanded=\"false\">NORMATIVA<\/div>\n\t\t\t\t\t<div id=\"elementor-tab-content-1195\" class=\"elementor-tab-content elementor-clearfix\" data-tab=\"5\" role=\"tabpanel\" aria-labelledby=\"elementor-tab-title-1195\" tabindex=\"0\" hidden=\"hidden\"><p><em><strong>\u2022 Real Decreto Legislativo 5\/2015, de 30 de octubre, por el que se aprueba el texto refundido de la Ley del Estatuto B\u00e1sico del Empleado P\u00fablico (Disp. Adic. 16\u00aa)<\/strong><\/em><br \/>\u25e6 Cada Administraci\u00f3n P\u00fablica, en su \u00e1mbito, podr\u00e1 establecer a las funcionarias en estado de gestaci\u00f3n, un permiso retribuido, a partir del d\u00eda primero de la semana 37 de embarazo, hasta la fecha del parto.<br \/>\u25e6 En el supuesto de gestaci\u00f3n m\u00faltiple, este permiso podr\u00e1 iniciarse el primer d\u00eda de la semana 35 de embarazo, hasta la fecha de parto.<\/p><p><em><strong>\u2022 Resoluci\u00f3n de 02\/10\/2024, de la Direcci\u00f3n General de Aut\u00f3nomos, Trabajo y Econom\u00eda Social, por la que se acepta el dep\u00f3sito y se dispone la publicaci\u00f3n del acuerdo por el que se adec\u00faa a la legislaci\u00f3n vigente el II Plan para la conciliaci\u00f3n de la vida personal, familiar y laboral de las empleadas p\u00fablicas y de los empleados p\u00fablicos de la Administraci\u00f3n de la Junta de Comunidades de Castilla-La Mancha (2.3)<\/strong><\/em><br \/>\u25e6 Las empleadas p\u00fablicas en estado de gestaci\u00f3n dispondr\u00e1n de un permiso retribuido a partir del d\u00eda primero de la semana 37 de embarazo, hasta la fecha del parto.<br \/>\u25e6 En el supuesto de gestaci\u00f3n m\u00faltiple este permiso podr\u00e1 iniciarse el primer d\u00eda de la semana 35 de embarazo, hasta la fecha de parto.<\/p><p><em><strong>\u2022 Resoluci\u00f3n de 12\/07\/2022, de la Direcci\u00f3n General de Recursos Humanos y Planificaci\u00f3n Educativa, por la que se dispone la publicaci\u00f3n del acuerdo entre la Consejer\u00eda de Educaci\u00f3n, Cultura y Deportes y las organizaciones sindicales con representaci\u00f3n en la mesa sectorial de educaci\u00f3n sobre el profesorado itinerante o con \u00e1mbito de actuaci\u00f3n en centros educativos en Castilla-La Mancha (Anexo. Quinto. 5.3)<\/strong><\/em><br \/>\u25e6 Aquellas profesoras que se hallen en periodo de gestaci\u00f3n podr\u00e1n dejar de itinerar a partir del quinto mes, pasando a realizar tareas de apoyo u otras actividades en el centro cabecera del C.R.A. o centro adscrito a efectos de itinerancia. La Consejer\u00eda de Educaci\u00f3n, Cultura y Deportes adoptar\u00e1 las medidas oportunas que garanticen la prestaci\u00f3n de los servicios educativos.<\/p><\/div>\n\t\t\t\t\t\t\t<\/div>\n\t\t<\/div>\n\t\t\t\t<\/div>\n\t\t\t\t<\/div>\n\t\t\t\t\t\t<\/div>\n\t\t\t\t\t<\/div>\n\t\t<\/div>\n\t\t\t\t\t\t\t\t<\/div>\n\t\t\t\t\t<\/div>\n\t\t<\/section>\n\t\t\t\t\t\t\t\t\t<\/div>\n\t\t\t<\/div>\n\t\t\t\t\t<\/div>\n\t\t","protected":false},"excerpt":{"rendered":"<p> [&hellip;]<\/p>\n","protected":false},"author":11,"featured_media":989,"comment_status":"open","ping_status":"open","sticky":false,"template":"","format":"standard","meta":[],"categories":[22,1],"tags":[],"_links":{"self":[{"href":"https:\/\/ste-clm.com\/permisos3\/wp-json\/wp\/v2\/posts\/2140"}],"collection":[{"href":"https:\/\/ste-clm.com\/permisos3\/wp-json\/wp\/v2\/posts"}],"about":[{"href":"https:\/\/ste-clm.com\/permisos3\/wp-json\/wp\/v2\/types\/post"}],"author":[{"embeddable":true,"href":"https:\/\/ste-clm.com\/permisos3\/wp-json\/wp\/v2\/users\/11"}],"replies":[{"embeddable":true,"href":"https:\/\/ste-clm.com\/permisos3\/wp-json\/wp\/v2\/comments?post=2140"}],"version-history":[{"count":14,"href":"https:\/\/ste-clm.com\/permisos3\/wp-json\/wp\/v2\/posts\/2140\/revisions"}],"predecessor-version":[{"id":2746,"href":"https:\/\/ste-clm.com\/permisos3\/wp-json\/wp\/v2\/posts\/2140\/revisions\/2746"}],"wp:featuredmedia":[{"embeddable":true,"href":"https:\/\/ste-clm.com\/permisos3\/wp-json\/wp\/v2\/media\/989"}],"wp:attachment":[{"href":"https:\/\/ste-clm.com\/permisos3\/wp-json\/wp\/v2\/media?parent=2140"}],"wp:term":[{"taxonomy":"category","embeddable":true,"href":"https:\/\/ste-clm.com\/permisos3\/wp-json\/wp\/v2\/categories?post=2140"},{"taxonomy":"post_tag","embeddable":true,"href":"https:\/\/ste-clm.com\/permisos3\/wp-json\/wp\/v2\/tags?post=2140"}],"curies":[{"name":"wp","href":"https:\/\/api.w.org\/{rel}","templated":true}]}}