{"id":2131,"date":"2023-10-10T07:42:14","date_gmt":"2023-10-10T07:42:14","guid":{"rendered":"https:\/\/ste-clm.com\/permisos3\/?p=2131"},"modified":"2025-06-12T07:58:39","modified_gmt":"2025-06-12T07:58:39","slug":"tecnicas-de-fecundacion-asistida","status":"publish","type":"post","link":"https:\/\/ste-clm.com\/permisos3\/tecnicas-de-fecundacion-asistida\/","title":{"rendered":"T\u00c9CNICAS DE FECUNDACI\u00d3N ASISTIDA, REALIZACI\u00d3N DE EX\u00c1MENES PRENATALES Y T\u00c9CNICAS DE PREPARACI\u00d3N AL PARTO"},"content":{"rendered":"\t\t<div data-elementor-type=\"wp-post\" data-elementor-id=\"2131\" class=\"elementor elementor-2131\">\n\t\t\t\t\t\t<div class=\"elementor-inner\">\n\t\t\t\t<div class=\"elementor-section-wrap\">\n\t\t\t\t\t\t\t\t\t<section class=\"elementor-section elementor-top-section elementor-element elementor-element-d3fce9a elementor-section-boxed elementor-section-height-default elementor-section-height-default\" data-id=\"d3fce9a\" data-element_type=\"section\">\n\t\t\t\t\t\t<div class=\"elementor-container elementor-column-gap-default\">\n\t\t\t\t\t\t\t<div class=\"elementor-row\">\n\t\t\t\t\t<div class=\"elementor-column elementor-col-100 elementor-top-column elementor-element elementor-element-2487733\" data-id=\"2487733\" data-element_type=\"column\">\n\t\t\t<div class=\"elementor-column-wrap elementor-element-populated\">\n\t\t\t\t\t\t\t<div class=\"elementor-widget-wrap\">\n\t\t\t\t\t\t<div class=\"elementor-element elementor-element-bb7e858 elementor-tabs-view-vertical elementor-widget elementor-widget-tabs\" data-id=\"bb7e858\" data-element_type=\"widget\" data-widget_type=\"tabs.default\">\n\t\t\t\t<div class=\"elementor-widget-container\">\n\t\t\t\t\t<div class=\"elementor-tabs\">\n\t\t\t<div class=\"elementor-tabs-wrapper\" role=\"tablist\" >\n\t\t\t\t\t\t\t\t\t<div id=\"elementor-tab-title-1961\" class=\"elementor-tab-title elementor-tab-desktop-title\" aria-selected=\"true\" data-tab=\"1\" role=\"tab\" tabindex=\"0\" aria-controls=\"elementor-tab-content-1961\" aria-expanded=\"false\"><a href=\"\">DESCRIPCI\u00d3N<\/a><\/div>\n\t\t\t\t\t\t\t\t\t<div id=\"elementor-tab-title-1962\" class=\"elementor-tab-title elementor-tab-desktop-title\" aria-selected=\"false\" data-tab=\"2\" role=\"tab\" tabindex=\"-1\" aria-controls=\"elementor-tab-content-1962\" aria-expanded=\"false\"><a href=\"\">PERMISO<\/a><\/div>\n\t\t\t\t\t\t\t\t\t<div id=\"elementor-tab-title-1963\" class=\"elementor-tab-title elementor-tab-desktop-title\" aria-selected=\"false\" data-tab=\"3\" role=\"tab\" tabindex=\"-1\" aria-controls=\"elementor-tab-content-1963\" aria-expanded=\"false\"><a href=\"\">SOLICIT.\/DOCUMENT.<\/a><\/div>\n\t\t\t\t\t\t\t\t\t<div id=\"elementor-tab-title-1964\" class=\"elementor-tab-title elementor-tab-desktop-title\" aria-selected=\"false\" data-tab=\"4\" role=\"tab\" tabindex=\"-1\" aria-controls=\"elementor-tab-content-1964\" aria-expanded=\"false\"><a href=\"\">OBSERVACIONES<\/a><\/div>\n\t\t\t\t\t\t\t\t\t<div id=\"elementor-tab-title-1965\" class=\"elementor-tab-title elementor-tab-desktop-title\" aria-selected=\"false\" data-tab=\"5\" role=\"tab\" tabindex=\"-1\" aria-controls=\"elementor-tab-content-1965\" aria-expanded=\"false\"><a href=\"\">NORMATIVA<\/a><\/div>\n\t\t\t\t\t\t\t<\/div>\n\t\t\t<div class=\"elementor-tabs-content-wrapper\" role=\"tablist\" aria-orientation=\"vertical\">\n\t\t\t\t\t\t\t\t\t<div class=\"elementor-tab-title elementor-tab-mobile-title\" aria-selected=\"true\" data-tab=\"1\" role=\"tab\" tabindex=\"0\" aria-controls=\"elementor-tab-content-1961\" aria-expanded=\"false\">DESCRIPCI\u00d3N<\/div>\n\t\t\t\t\t<div id=\"elementor-tab-content-1961\" class=\"elementor-tab-content elementor-clearfix\" data-tab=\"1\" role=\"tabpanel\" aria-labelledby=\"elementor-tab-title-1961\" tabindex=\"0\" hidden=\"false\"><ul><li>Para someterse a t\u00e9cnicas de fecundaci\u00f3n asistida y para la realizaci\u00f3n de ex\u00e1menes prenatales y t\u00e9cnicas de preparaci\u00f3n al parto que deban realizarse dentro de la jornada de trabajo, la empleada embarazada y su c\u00f3nyuge o pareja de hecho podr\u00e1n disfrutar de un permiso por el tiempo necesario.<\/li><\/ul><\/div>\n\t\t\t\t\t\t\t\t\t<div class=\"elementor-tab-title elementor-tab-mobile-title\" aria-selected=\"false\" data-tab=\"2\" role=\"tab\" tabindex=\"-1\" aria-controls=\"elementor-tab-content-1962\" aria-expanded=\"false\">PERMISO<\/div>\n\t\t\t\t\t<div id=\"elementor-tab-content-1962\" class=\"elementor-tab-content elementor-clearfix\" data-tab=\"2\" role=\"tabpanel\" aria-labelledby=\"elementor-tab-title-1962\" tabindex=\"0\" hidden=\"hidden\"><ul><li>Permiso por el tiempo necesario.<\/li><\/ul><\/div>\n\t\t\t\t\t\t\t\t\t<div class=\"elementor-tab-title elementor-tab-mobile-title\" aria-selected=\"false\" data-tab=\"3\" role=\"tab\" tabindex=\"-1\" aria-controls=\"elementor-tab-content-1963\" aria-expanded=\"false\">SOLICIT.\/DOCUMENT.<\/div>\n\t\t\t\t\t<div id=\"elementor-tab-content-1963\" class=\"elementor-tab-content elementor-clearfix\" data-tab=\"3\" role=\"tabpanel\" aria-labelledby=\"elementor-tab-title-1963\" tabindex=\"0\" hidden=\"hidden\"><ul><li>Aviso previo.<\/li><li>Solicitud al Equipo Directivo.<\/li><li>Justificante.<\/li><li>Justificaci\u00f3n de la necesidad de su realizaci\u00f3n dentro de la jornada de trabajo.<\/li><\/ul><\/div>\n\t\t\t\t\t\t\t\t\t<div class=\"elementor-tab-title elementor-tab-mobile-title\" aria-selected=\"false\" data-tab=\"4\" role=\"tab\" tabindex=\"-1\" aria-controls=\"elementor-tab-content-1964\" aria-expanded=\"false\">OBSERVACIONES<\/div>\n\t\t\t\t\t<div id=\"elementor-tab-content-1964\" class=\"elementor-tab-content elementor-clearfix\" data-tab=\"4\" role=\"tabpanel\" aria-labelledby=\"elementor-tab-title-1964\" tabindex=\"0\" hidden=\"hidden\"><ul><li>Para funcionarias y funcionarios de carrera e interinos.<\/li><li>El permiso es retribuido.<\/li><li>Las funcionarias tendr\u00e1n derecho a disfrutar de un permiso para someterse a t\u00e9cnicas de fecundaci\u00f3n asistida.<\/li><li>Los c\u00f3nyuges o parejas de hecho tambi\u00e9n tienen derecho a este permiso.<\/li><li>El t\u00e9rmino de funcionarias embarazadas incluye tambi\u00e9n a las personas funcionarias trans gestantes.<\/li><\/ul><\/div>\n\t\t\t\t\t\t\t\t\t<div class=\"elementor-tab-title elementor-tab-mobile-title\" aria-selected=\"false\" data-tab=\"5\" role=\"tab\" tabindex=\"-1\" aria-controls=\"elementor-tab-content-1965\" aria-expanded=\"false\">NORMATIVA<\/div>\n\t\t\t\t\t<div id=\"elementor-tab-content-1965\" class=\"elementor-tab-content elementor-clearfix\" data-tab=\"5\" role=\"tabpanel\" aria-labelledby=\"elementor-tab-title-1965\" tabindex=\"0\" hidden=\"hidden\"><p><em><strong>\u2022 Ley 4\/2011, de 10 de marzo, del Empleo P\u00fablico de Castilla-La Mancha (Art.107.2 f)<\/strong><\/em><br \/>\u25e6 2. En todo caso, los permisos retribuidos son, al menos, los siguientes, con las correspondientes condiciones m\u00ednimas:<br \/>\u25aa e) Para la realizaci\u00f3n de ex\u00e1menes prenatales y t\u00e9cnicas de preparaci\u00f3n al parto que deban realizarse dentro de la jornada de trabajo las funcionarias embarazadas tienen derecho a un permiso por el tiempo necesario para su realizaci\u00f3n.<br \/>\u25aa f) Para someterse a t\u00e9cnicas de fecundaci\u00f3n asistida que deban realizarse dentro de la jornada de trabajo, por el tiempo necesario para su realizaci\u00f3n.<\/p><p><em><strong>\u2022 Real Decreto Legislativo 5\/2015, de 30 de octubre, por el que se aprueba el texto refundido de la Ley del Estatuto B\u00e1sico del Empleado P\u00fablico (Art.48 e) y Disp. Adic. 16\u00aa)<\/strong><\/em><br \/>\u25e6 Por el tiempo indispensable para la realizaci\u00f3n de ex\u00e1menes prenatales y t\u00e9cnicas de preparaci\u00f3n al parto por las funcionarias embarazadas y, en los casos de adopci\u00f3n o acogimiento, o guarda con fines de adopci\u00f3n, para la asistencia a las preceptivas sesiones de informaci\u00f3n y preparaci\u00f3n y para la realizaci\u00f3n de los preceptivos informes psicol\u00f3gicos y sociales previos a la declaraci\u00f3n de idoneidad, que deban realizarse dentro de la jornada de trabajo.<br \/>\u25e6 A efectos de lo dispuesto en este apartado, el t\u00e9rmino de funcionarias embarazadas incluye tambi\u00e9n a las personas funcionarias trans gestantes.<\/p><p><em><strong>\u2022 Resoluci\u00f3n de 02\/10\/2024, de la Direcci\u00f3n General de Aut\u00f3nomos, Trabajo y Econom\u00eda Social, por la que se acepta el dep\u00f3sito y se dispone la publicaci\u00f3n del acuerdo por el que se adec\u00faa a la legislaci\u00f3n vigente el II Plan para la conciliaci\u00f3n de la vida personal, familiar y laboral de las empleadas p\u00fablicas y de los empleados p\u00fablicos de la Administraci\u00f3n de la Junta de Comunidades de Castilla-La Mancha (2.1)<\/strong><\/em><br \/>\u25e6 Para someterse a t\u00e9cnicas de fecundaci\u00f3n asistida los empleados y las empleadas podr\u00e1n ausentarse del trabajo por el tiempo necesario para su realizaci\u00f3n, previa justificaci\u00f3n de la necesidad de su realizaci\u00f3n dentro de la jornada de trabajo. <br \/>\u25e6 Tambi\u00e9n se tendr\u00e1 derecho a este permiso cuando sea su c\u00f3nyuge o pareja de hecho el que se someta a dichas t\u00e9cnicas.<\/p><\/div>\n\t\t\t\t\t\t\t<\/div>\n\t\t<\/div>\n\t\t\t\t<\/div>\n\t\t\t\t<\/div>\n\t\t\t\t\t\t<\/div>\n\t\t\t\t\t<\/div>\n\t\t<\/div>\n\t\t\t\t\t\t\t\t<\/div>\n\t\t\t\t\t<\/div>\n\t\t<\/section>\n\t\t\t\t\t\t\t\t\t<\/div>\n\t\t\t<\/div>\n\t\t\t\t\t<\/div>\n\t\t","protected":false},"excerpt":{"rendered":"<p> [&hellip;]<\/p>\n","protected":false},"author":11,"featured_media":989,"comment_status":"open","ping_status":"open","sticky":false,"template":"","format":"standard","meta":[],"categories":[22,1],"tags":[],"_links":{"self":[{"href":"https:\/\/ste-clm.com\/permisos3\/wp-json\/wp\/v2\/posts\/2131"}],"collection":[{"href":"https:\/\/ste-clm.com\/permisos3\/wp-json\/wp\/v2\/posts"}],"about":[{"href":"https:\/\/ste-clm.com\/permisos3\/wp-json\/wp\/v2\/types\/post"}],"author":[{"embeddable":true,"href":"https:\/\/ste-clm.com\/permisos3\/wp-json\/wp\/v2\/users\/11"}],"replies":[{"embeddable":true,"href":"https:\/\/ste-clm.com\/permisos3\/wp-json\/wp\/v2\/comments?post=2131"}],"version-history":[{"count":18,"href":"https:\/\/ste-clm.com\/permisos3\/wp-json\/wp\/v2\/posts\/2131\/revisions"}],"predecessor-version":[{"id":2749,"href":"https:\/\/ste-clm.com\/permisos3\/wp-json\/wp\/v2\/posts\/2131\/revisions\/2749"}],"wp:featuredmedia":[{"embeddable":true,"href":"https:\/\/ste-clm.com\/permisos3\/wp-json\/wp\/v2\/media\/989"}],"wp:attachment":[{"href":"https:\/\/ste-clm.com\/permisos3\/wp-json\/wp\/v2\/media?parent=2131"}],"wp:term":[{"taxonomy":"category","embeddable":true,"href":"https:\/\/ste-clm.com\/permisos3\/wp-json\/wp\/v2\/categories?post=2131"},{"taxonomy":"post_tag","embeddable":true,"href":"https:\/\/ste-clm.com\/permisos3\/wp-json\/wp\/v2\/tags?post=2131"}],"curies":[{"name":"wp","href":"https:\/\/api.w.org\/{rel}","templated":true}]}}