{"id":1482,"date":"2019-04-30T13:11:59","date_gmt":"2019-04-30T13:11:59","guid":{"rendered":"https:\/\/ste-clm.com\/permisos\/?p=1482"},"modified":"2025-06-18T09:38:24","modified_gmt":"2025-06-18T09:38:24","slug":"permisos-relacionados-con-procesos-electorales","status":"publish","type":"post","link":"https:\/\/ste-clm.com\/permisos3\/permisos-relacionados-con-procesos-electorales\/","title":{"rendered":"PERMISOS RELACIONADOS CON PROCESOS ELECTORALES"},"content":{"rendered":"\t\t<div data-elementor-type=\"wp-post\" data-elementor-id=\"1482\" class=\"elementor elementor-1482\">\n\t\t\t\t\t\t<div class=\"elementor-inner\">\n\t\t\t\t<div class=\"elementor-section-wrap\">\n\t\t\t\t\t\t\t\t\t<section class=\"elementor-section elementor-top-section elementor-element elementor-element-4051336 elementor-section-boxed elementor-section-height-default elementor-section-height-default\" data-id=\"4051336\" data-element_type=\"section\">\n\t\t\t\t\t\t<div class=\"elementor-container elementor-column-gap-default\">\n\t\t\t\t\t\t\t<div class=\"elementor-row\">\n\t\t\t\t\t<div class=\"elementor-column elementor-col-100 elementor-top-column elementor-element elementor-element-71c1903\" data-id=\"71c1903\" data-element_type=\"column\">\n\t\t\t<div class=\"elementor-column-wrap elementor-element-populated\">\n\t\t\t\t\t\t\t<div class=\"elementor-widget-wrap\">\n\t\t\t\t\t\t<div class=\"elementor-element elementor-element-17e1f4a elementor-widget elementor-widget-heading\" data-id=\"17e1f4a\" data-element_type=\"widget\" data-widget_type=\"heading.default\">\n\t\t\t\t<div class=\"elementor-widget-container\">\n\t\t\t<h4 class=\"elementor-heading-title elementor-size-default\">ELECCIONES GENERALES, AUTON\u00d3MICAS, EUROPEAS Y LOCALES<\/h4>\t\t<\/div>\n\t\t\t\t<\/div>\n\t\t\t\t\t\t<\/div>\n\t\t\t\t\t<\/div>\n\t\t<\/div>\n\t\t\t\t\t\t\t\t<\/div>\n\t\t\t\t\t<\/div>\n\t\t<\/section>\n\t\t\t\t<section class=\"elementor-section elementor-top-section elementor-element elementor-element-8589034 elementor-section-boxed elementor-section-height-default elementor-section-height-default\" data-id=\"8589034\" data-element_type=\"section\">\n\t\t\t\t\t\t<div class=\"elementor-container elementor-column-gap-default\">\n\t\t\t\t\t\t\t<div class=\"elementor-row\">\n\t\t\t\t\t<div class=\"elementor-column elementor-col-100 elementor-top-column elementor-element elementor-element-20b2a28\" data-id=\"20b2a28\" data-element_type=\"column\">\n\t\t\t<div class=\"elementor-column-wrap elementor-element-populated\">\n\t\t\t\t\t\t\t<div class=\"elementor-widget-wrap\">\n\t\t\t\t\t\t<div class=\"elementor-element elementor-element-b92f624 elementor-widget elementor-widget-heading\" data-id=\"b92f624\" data-element_type=\"widget\" data-widget_type=\"heading.default\">\n\t\t\t\t<div class=\"elementor-widget-container\">\n\t\t\t<h5 class=\"elementor-heading-title elementor-size-default\">PERMISO PARA PRESIDENTES\/AS, VOCALES E INTERVENTORES\/AS<\/h5>\t\t<\/div>\n\t\t\t\t<\/div>\n\t\t\t\t\t\t<\/div>\n\t\t\t\t\t<\/div>\n\t\t<\/div>\n\t\t\t\t\t\t\t\t<\/div>\n\t\t\t\t\t<\/div>\n\t\t<\/section>\n\t\t\t\t<section class=\"elementor-section elementor-top-section elementor-element elementor-element-265bd40 elementor-section-boxed elementor-section-height-default elementor-section-height-default\" data-id=\"265bd40\" data-element_type=\"section\">\n\t\t\t\t\t\t<div class=\"elementor-container elementor-column-gap-default\">\n\t\t\t\t\t\t\t<div class=\"elementor-row\">\n\t\t\t\t\t<div class=\"elementor-column elementor-col-100 elementor-top-column elementor-element elementor-element-819775b\" data-id=\"819775b\" data-element_type=\"column\">\n\t\t\t<div class=\"elementor-column-wrap elementor-element-populated\">\n\t\t\t\t\t\t\t<div class=\"elementor-widget-wrap\">\n\t\t\t\t\t\t<div class=\"elementor-element elementor-element-d39c110 elementor-tabs-view-horizontal elementor-widget elementor-widget-tabs\" data-id=\"d39c110\" data-element_type=\"widget\" data-widget_type=\"tabs.default\">\n\t\t\t\t<div class=\"elementor-widget-container\">\n\t\t\t\t\t<div class=\"elementor-tabs\">\n\t\t\t<div class=\"elementor-tabs-wrapper\" role=\"tablist\" >\n\t\t\t\t\t\t\t\t\t<div id=\"elementor-tab-title-2211\" class=\"elementor-tab-title elementor-tab-desktop-title\" aria-selected=\"true\" data-tab=\"1\" role=\"tab\" tabindex=\"0\" aria-controls=\"elementor-tab-content-2211\" aria-expanded=\"false\"><a href=\"\">DESCRIPCI\u00d3N<\/a><\/div>\n\t\t\t\t\t\t\t\t\t<div id=\"elementor-tab-title-2212\" class=\"elementor-tab-title elementor-tab-desktop-title\" aria-selected=\"false\" data-tab=\"2\" role=\"tab\" tabindex=\"-1\" aria-controls=\"elementor-tab-content-2212\" aria-expanded=\"false\"><a href=\"\">PERMISO<\/a><\/div>\n\t\t\t\t\t\t\t\t\t<div id=\"elementor-tab-title-2213\" class=\"elementor-tab-title elementor-tab-desktop-title\" aria-selected=\"false\" data-tab=\"3\" role=\"tab\" tabindex=\"-1\" aria-controls=\"elementor-tab-content-2213\" aria-expanded=\"false\"><a href=\"\">DOCUMENTACI\u00d3N<\/a><\/div>\n\t\t\t\t\t\t\t\t\t<div id=\"elementor-tab-title-2214\" class=\"elementor-tab-title elementor-tab-desktop-title\" aria-selected=\"false\" data-tab=\"4\" role=\"tab\" tabindex=\"-1\" aria-controls=\"elementor-tab-content-2214\" aria-expanded=\"false\"><a href=\"\">OBSERVACIONES<\/a><\/div>\n\t\t\t\t\t\t\t\t\t<div id=\"elementor-tab-title-2215\" class=\"elementor-tab-title elementor-tab-desktop-title\" aria-selected=\"false\" data-tab=\"5\" role=\"tab\" tabindex=\"-1\" aria-controls=\"elementor-tab-content-2215\" aria-expanded=\"false\"><a href=\"\">NORMATIVA<\/a><\/div>\n\t\t\t\t\t\t\t<\/div>\n\t\t\t<div class=\"elementor-tabs-content-wrapper\" role=\"tablist\" aria-orientation=\"vertical\">\n\t\t\t\t\t\t\t\t\t<div class=\"elementor-tab-title elementor-tab-mobile-title\" aria-selected=\"true\" data-tab=\"1\" role=\"tab\" tabindex=\"0\" aria-controls=\"elementor-tab-content-2211\" aria-expanded=\"false\">DESCRIPCI\u00d3N<\/div>\n\t\t\t\t\t<div id=\"elementor-tab-content-2211\" class=\"elementor-tab-content elementor-clearfix\" data-tab=\"1\" role=\"tabpanel\" aria-labelledby=\"elementor-tab-title-2211\" tabindex=\"0\" hidden=\"false\"><ul><li>Los Presidentes\/as, Vocales e Interventores\/as tienen derecho a un permiso retribuido de jornada completa el d\u00eda de la votaci\u00f3n, si no disfrutan en tal fecha del descanso semanal, y a una reducci\u00f3n de su jornada de trabajo de cinco horas el d\u00eda inmediatamente posterior.<\/li><\/ul><\/div>\n\t\t\t\t\t\t\t\t\t<div class=\"elementor-tab-title elementor-tab-mobile-title\" aria-selected=\"false\" data-tab=\"2\" role=\"tab\" tabindex=\"-1\" aria-controls=\"elementor-tab-content-2212\" aria-expanded=\"false\">PERMISO<\/div>\n\t\t\t\t\t<div id=\"elementor-tab-content-2212\" class=\"elementor-tab-content elementor-clearfix\" data-tab=\"2\" role=\"tabpanel\" aria-labelledby=\"elementor-tab-title-2212\" tabindex=\"0\" hidden=\"hidden\"><ul><li>Permiso durante el d\u00eda de la votaci\u00f3n, si es laboral y reducci\u00f3n de cinco horas el d\u00eda inmediatamente posterior.<\/li><\/ul><\/div>\n\t\t\t\t\t\t\t\t\t<div class=\"elementor-tab-title elementor-tab-mobile-title\" aria-selected=\"false\" data-tab=\"3\" role=\"tab\" tabindex=\"-1\" aria-controls=\"elementor-tab-content-2213\" aria-expanded=\"false\">DOCUMENTACI\u00d3N<\/div>\n\t\t\t\t\t<div id=\"elementor-tab-content-2213\" class=\"elementor-tab-content elementor-clearfix\" data-tab=\"3\" role=\"tabpanel\" aria-labelledby=\"elementor-tab-title-2213\" tabindex=\"0\" hidden=\"hidden\"><ul><li>Solicitud a la Delegaci\u00f3n.<\/li><li>Requerimiento, convocatoria o citaci\u00f3n.<\/li><li>Justificaci\u00f3n de la asistencia.<\/li><\/ul><\/div>\n\t\t\t\t\t\t\t\t\t<div class=\"elementor-tab-title elementor-tab-mobile-title\" aria-selected=\"false\" data-tab=\"4\" role=\"tab\" tabindex=\"-1\" aria-controls=\"elementor-tab-content-2214\" aria-expanded=\"false\">OBSERVACIONES<\/div>\n\t\t\t\t\t<div id=\"elementor-tab-content-2214\" class=\"elementor-tab-content elementor-clearfix\" data-tab=\"4\" role=\"tabpanel\" aria-labelledby=\"elementor-tab-title-2214\" tabindex=\"0\" hidden=\"hidden\"><ul><li>Para funcionarias y funcionarios de carrera e interinos.<\/li><li>El permiso es retribuido de jornada completa el d\u00eda de la votaci\u00f3n, si no disfrutan en tal fecha del descanso semanal.<\/li><li>No est\u00e1 contemplado para apoderados de las mesas electorales.<\/li><\/ul><\/div>\n\t\t\t\t\t\t\t\t\t<div class=\"elementor-tab-title elementor-tab-mobile-title\" aria-selected=\"false\" data-tab=\"5\" role=\"tab\" tabindex=\"-1\" aria-controls=\"elementor-tab-content-2215\" aria-expanded=\"false\">NORMATIVA<\/div>\n\t\t\t\t\t<div id=\"elementor-tab-content-2215\" class=\"elementor-tab-content elementor-clearfix\" data-tab=\"5\" role=\"tabpanel\" aria-labelledby=\"elementor-tab-title-2215\" tabindex=\"0\" hidden=\"hidden\"><p><strong>\u2022 Real Decreto 605\/1999, de 16 de abril, de regulaci\u00f3n complementaria de los procesos electorales (Art.13.3 y 13.5)<\/strong><br \/>(Art.13.3) Mesa<br \/>\u25e6 De conformidad con lo establecido en los art\u00edculos 28.1 y 78.4 de la Ley Org\u00e1nica 5\/1985, de 19 de junio, del R\u00e9gimen Electoral General, los trabajadores por cuenta ajena y el personal al servicio de las Administraciones p\u00fablicas nombrados Presidente o Vocal de las Mesas electorales y los que acrediten su condici\u00f3n de Interventores tienen derecho durante el d\u00eda de la votaci\u00f3n a un permiso retribuido de jornada completa, si no disfrutan en tal fecha del descanso semanal, y a una reducci\u00f3n de su jornada de trabajo de cinco horas el d\u00eda inmediatamente posterior.\u201d<br \/><br \/>(Art.13.5) Candidatos<br \/>\u25e6 Los funcionarios p\u00fablicos y dem\u00e1s personal al servicio de la Administraci\u00f3n del Estado y sus Organismos aut\u00f3nomos, incluida la Seguridad Social, que se presenten como candidatos a los distintos procesos electorales, podr\u00e1n ser dispensados, previa solicitud de los interesados, de la prestaci\u00f3n del servicio en sus respectivas unidades, de acuerdo con lo establecido en el art\u00edculo 30.2 de la Ley 30\/1984, de 2 de agosto, durante la campa\u00f1a electoral. La competencia para la concesi\u00f3n del referido permiso corresponder\u00e1 al Subsecretario del Departamento ministerial, o al Delegado del Gobierno o Subdelegado del Gobierno, cuando el puesto de trabajo se desempe\u00f1e en los Servicios Perif\u00e9ricos.\u201d<\/p><p><br \/><strong>\u2022 Resoluci\u00f3n de 02\/10\/2024, de la Direcci\u00f3n General de Aut\u00f3nomos, Trabajo y Econom\u00eda Social, por la que se acepta el dep\u00f3sito y se dispone la publicaci\u00f3n del acuerdo por el que se adec\u00faa a la legislaci\u00f3n vigente el II Plan para la conciliaci\u00f3n de la vida personal, familiar y laboral de las empleadas p\u00fablicas y de los empleados p\u00fablicos de la Administraci\u00f3n de la Junta de Comunidades de Castilla-La Mancha (2.13)<\/strong><br \/>\u25e6 Se conceder\u00e1 permiso por el tiempo imprescindible para el cumplimiento de un deber inexcusable de car\u00e1cter p\u00fablico o personal y permiso o flexibilizaci\u00f3n, seg\u00fan el caso, por deberes relacionados con la conciliaci\u00f3n de la vida familiar y laboral, considerando como deberes relacionados con la conciliaci\u00f3n los supuestos contemplados en los apartados 2.1 (permiso t\u00e9cnicas de fecundaci\u00f3n asistida), 2.2 (permiso por ex\u00e1menes prenatales y t\u00e9cnicas de preparaci\u00f3n al parto), 2.4 (permiso para sesiones de informaci\u00f3n y preparaci\u00f3n, entrevistas y para la realizaci\u00f3n de los preceptivos informes psicol\u00f3gicos y sociales previos a la declaraci\u00f3n de idoneidad en procesos de adopci\u00f3n), 2.11 (permiso asistencia m\u00e9dica del empleado o de la empleada y familiar en primer grado), 2.22 (permiso y flexibilizaci\u00f3n para asistencia a tutor\u00edas en centros escolares) y 2.25 (flexibilizaci\u00f3n por inicio escalonado de actividades lectivas de hijas e hijos) del presente acuerdo.<br \/>\u25e6 A estos efectos, se entiende por \u201cdeber inexcusable\u201d la obligaci\u00f3n personal, sin posibilidad de ejecuci\u00f3n por medio de representante o sustituto, que coincida con la jornada de trabajo necesariamente y que su no realizaci\u00f3n genere responsabilidad de \u00edndole civil, penal o administrativa. Entre otros, se incluyen los siguientes supuestos:<br \/>\u25aa Comparecencia obligatoria por citaciones de juzgados y tribunales de justicia, comisar\u00edas o cualquier otro organismo oficial.<br \/>\u25aa Cumplimiento de deberes ciudadanos derivados de un proceso electoral.<br \/>\u25aa Ejercicio de sufragio activo.<br \/>\u25aa Asistencia a las reuniones de los \u00f3rganos de gobierno y comisiones dependientes de los mismos, cuando derive estrictamente del cargo electivo de los previstos en la Ley de R\u00e9gimen Electoral General.<br \/>\u25aa Asistencia, como miembro, a las sesiones de un Tribunal de examen o de oposici\u00f3n, con nombramiento de la autoridad competente.<br \/>\u25aa El empleo de tiempo necesario para hacer una donaci\u00f3n de sangre, de acuerdo con lo dispuesto en el Real Decreto 1088\/2005, de 16 de septiembre.<br \/>\u25e6 La duraci\u00f3n del permiso ser\u00e1 la imprescindible para el cumplimiento del deber.<\/p><p><br \/><strong>\u2022 Ley 30\/1984, de 2 de agosto, de medidas para la reforma de la Funci\u00f3n P\u00fablica (Art.30.2)<\/strong><br \/>\u25e6 Podr\u00e1n concederse permisos por el tiempo indispensable para el cumplimiento de un deber inexcusable de car\u00e1cter p\u00fablico o personal y por deberes derivados de la conciliaci\u00f3n de la vida familiar y laboral.<\/p><p><br \/><strong>\u2022 Ley Org\u00e1nica 5\/1985, de 19 de junio, del R\u00e9gimen Electoral General (Art.28 y 51)<\/strong><br \/>(Art.28) Mesa<br \/>\u25e6 Los trabajadores por cuenta ajena y los funcionarios nombrados Presidentes o Vocales de las Mesas Electorales tienen derecho a un permiso retribuido de jornada completa durante el d\u00eda de la votaci\u00f3n, si es laboral. En todo caso, tienen derecho a una reducci\u00f3n de su jornada de trabajo de cinco horas el d\u00eda inmediatamente posterior.\u201d<br \/><br \/>(Art.51) Candidatos<br \/>\u25e6 1. La campa\u00f1a electoral comienza el d\u00eda trig\u00e9simo octavo posterior a la convocatoria.<br \/>\u25e6 2. Dura quince d\u00edas.<br \/>\u25e6 3. Termina, en todo caso, a las cero horas del d\u00eda inmediatamente anterior a la votaci\u00f3n<\/p><p><br \/><strong>\u2022 Ley 4\/2011, de 10 de marzo, del Empleo P\u00fablico de Castilla-La Mancha (Art.107.2 j)<\/strong><br \/>\u25e6 Por el tiempo indispensable, para el cumplimiento de un deber inexcusable de car\u00e1cter p\u00fablico y personal, comprendido el ejercicio del sufragio activo.<\/p><\/div>\n\t\t\t\t\t\t\t<\/div>\n\t\t<\/div>\n\t\t\t\t<\/div>\n\t\t\t\t<\/div>\n\t\t\t\t\t\t<\/div>\n\t\t\t\t\t<\/div>\n\t\t<\/div>\n\t\t\t\t\t\t\t\t<\/div>\n\t\t\t\t\t<\/div>\n\t\t<\/section>\n\t\t\t\t<section class=\"elementor-section elementor-top-section elementor-element elementor-element-6153dc7 elementor-section-boxed elementor-section-height-default elementor-section-height-default\" data-id=\"6153dc7\" data-element_type=\"section\">\n\t\t\t\t\t\t<div class=\"elementor-container elementor-column-gap-default\">\n\t\t\t\t\t\t\t<div class=\"elementor-row\">\n\t\t\t\t\t<div class=\"elementor-column elementor-col-100 elementor-top-column elementor-element elementor-element-f45cade\" data-id=\"f45cade\" data-element_type=\"column\">\n\t\t\t<div class=\"elementor-column-wrap elementor-element-populated\">\n\t\t\t\t\t\t\t<div class=\"elementor-widget-wrap\">\n\t\t\t\t\t\t<div class=\"elementor-element elementor-element-ac2ba45 elementor-widget elementor-widget-heading\" data-id=\"ac2ba45\" data-element_type=\"widget\" data-widget_type=\"heading.default\">\n\t\t\t\t<div class=\"elementor-widget-container\">\n\t\t\t<h5 class=\"elementor-heading-title elementor-size-default\">PERMISO PARA CANDIDATOS\/AS<\/h5>\t\t<\/div>\n\t\t\t\t<\/div>\n\t\t\t\t\t\t<\/div>\n\t\t\t\t\t<\/div>\n\t\t<\/div>\n\t\t\t\t\t\t\t\t<\/div>\n\t\t\t\t\t<\/div>\n\t\t<\/section>\n\t\t\t\t<section class=\"elementor-section elementor-top-section elementor-element elementor-element-fd40f19 elementor-section-boxed elementor-section-height-default elementor-section-height-default\" data-id=\"fd40f19\" data-element_type=\"section\">\n\t\t\t\t\t\t<div class=\"elementor-container elementor-column-gap-default\">\n\t\t\t\t\t\t\t<div class=\"elementor-row\">\n\t\t\t\t\t<div class=\"elementor-column elementor-col-100 elementor-top-column elementor-element elementor-element-8d061ae\" data-id=\"8d061ae\" data-element_type=\"column\">\n\t\t\t<div class=\"elementor-column-wrap elementor-element-populated\">\n\t\t\t\t\t\t\t<div class=\"elementor-widget-wrap\">\n\t\t\t\t\t\t<div class=\"elementor-element elementor-element-d4a6713 elementor-tabs-view-horizontal elementor-widget elementor-widget-tabs\" data-id=\"d4a6713\" data-element_type=\"widget\" data-widget_type=\"tabs.default\">\n\t\t\t\t<div class=\"elementor-widget-container\">\n\t\t\t\t\t<div class=\"elementor-tabs\">\n\t\t\t<div class=\"elementor-tabs-wrapper\" role=\"tablist\" >\n\t\t\t\t\t\t\t\t\t<div id=\"elementor-tab-title-2221\" class=\"elementor-tab-title elementor-tab-desktop-title\" aria-selected=\"true\" data-tab=\"1\" role=\"tab\" tabindex=\"0\" aria-controls=\"elementor-tab-content-2221\" aria-expanded=\"false\"><a href=\"\">DESCRIPCI\u00d3N<\/a><\/div>\n\t\t\t\t\t\t\t\t\t<div id=\"elementor-tab-title-2222\" class=\"elementor-tab-title elementor-tab-desktop-title\" aria-selected=\"false\" data-tab=\"2\" role=\"tab\" tabindex=\"-1\" aria-controls=\"elementor-tab-content-2222\" aria-expanded=\"false\"><a href=\"\">PERMISO<\/a><\/div>\n\t\t\t\t\t\t\t\t\t<div id=\"elementor-tab-title-2223\" class=\"elementor-tab-title elementor-tab-desktop-title\" aria-selected=\"false\" data-tab=\"3\" role=\"tab\" tabindex=\"-1\" aria-controls=\"elementor-tab-content-2223\" aria-expanded=\"false\"><a href=\"\">SOLICIT.\/DOCUMENT.<\/a><\/div>\n\t\t\t\t\t\t\t\t\t<div id=\"elementor-tab-title-2224\" class=\"elementor-tab-title elementor-tab-desktop-title\" aria-selected=\"false\" data-tab=\"4\" role=\"tab\" tabindex=\"-1\" aria-controls=\"elementor-tab-content-2224\" aria-expanded=\"false\"><a href=\"\">OBSERVACIONES<\/a><\/div>\n\t\t\t\t\t\t\t\t\t<div id=\"elementor-tab-title-2225\" class=\"elementor-tab-title elementor-tab-desktop-title\" aria-selected=\"false\" data-tab=\"5\" role=\"tab\" tabindex=\"-1\" aria-controls=\"elementor-tab-content-2225\" aria-expanded=\"false\"><a href=\"\">NORMATIVA<\/a><\/div>\n\t\t\t\t\t\t\t<\/div>\n\t\t\t<div class=\"elementor-tabs-content-wrapper\" role=\"tablist\" aria-orientation=\"vertical\">\n\t\t\t\t\t\t\t\t\t<div class=\"elementor-tab-title elementor-tab-mobile-title\" aria-selected=\"true\" data-tab=\"1\" role=\"tab\" tabindex=\"0\" aria-controls=\"elementor-tab-content-2221\" aria-expanded=\"false\">DESCRIPCI\u00d3N<\/div>\n\t\t\t\t\t<div id=\"elementor-tab-content-2221\" class=\"elementor-tab-content elementor-clearfix\" data-tab=\"1\" role=\"tabpanel\" aria-labelledby=\"elementor-tab-title-2221\" tabindex=\"0\" hidden=\"false\"><ul><li>Permiso para los funcionarios que se presenten como candidatos a los distintos procesos electorales, previa solicitud de los interesados, durante la campa\u00f1a electoral.<\/li><\/ul><\/div>\n\t\t\t\t\t\t\t\t\t<div class=\"elementor-tab-title elementor-tab-mobile-title\" aria-selected=\"false\" data-tab=\"2\" role=\"tab\" tabindex=\"-1\" aria-controls=\"elementor-tab-content-2222\" aria-expanded=\"false\">PERMISO<\/div>\n\t\t\t\t\t<div id=\"elementor-tab-content-2222\" class=\"elementor-tab-content elementor-clearfix\" data-tab=\"2\" role=\"tabpanel\" aria-labelledby=\"elementor-tab-title-2222\" tabindex=\"0\" hidden=\"hidden\"><ul><li>Permiso durante toda la campa\u00f1a electora (15 d\u00edas).<\/li><\/ul><\/div>\n\t\t\t\t\t\t\t\t\t<div class=\"elementor-tab-title elementor-tab-mobile-title\" aria-selected=\"false\" data-tab=\"3\" role=\"tab\" tabindex=\"-1\" aria-controls=\"elementor-tab-content-2223\" aria-expanded=\"false\">SOLICIT.\/DOCUMENT.<\/div>\n\t\t\t\t\t<div id=\"elementor-tab-content-2223\" class=\"elementor-tab-content elementor-clearfix\" data-tab=\"3\" role=\"tabpanel\" aria-labelledby=\"elementor-tab-title-2223\" tabindex=\"0\" hidden=\"hidden\"><ul><li>Solicitud de permiso con quince d\u00edas de antelaci\u00f3n ante el Director Provincial, acompa\u00f1ada de documento acreditativo de inclusi\u00f3n como candidato en lista electoral.<\/li><li>Documento acreditativo de la inclusi\u00f3n como candidato\/a en una lista electoral.<\/li><\/ul><\/div>\n\t\t\t\t\t\t\t\t\t<div class=\"elementor-tab-title elementor-tab-mobile-title\" aria-selected=\"false\" data-tab=\"4\" role=\"tab\" tabindex=\"-1\" aria-controls=\"elementor-tab-content-2224\" aria-expanded=\"false\">OBSERVACIONES<\/div>\n\t\t\t\t\t<div id=\"elementor-tab-content-2224\" class=\"elementor-tab-content elementor-clearfix\" data-tab=\"4\" role=\"tabpanel\" aria-labelledby=\"elementor-tab-title-2224\" tabindex=\"0\" hidden=\"hidden\"><ul><li>Para funcionarias y funcionarios de carrera e interinos.<\/li><li>Este permiso conlleva sustituci\u00f3n del candidato\/a.<\/li><li>Pueden solicitarlo tambi\u00e9n los suplentes.<\/li><\/ul><\/div>\n\t\t\t\t\t\t\t\t\t<div class=\"elementor-tab-title elementor-tab-mobile-title\" aria-selected=\"false\" data-tab=\"5\" role=\"tab\" tabindex=\"-1\" aria-controls=\"elementor-tab-content-2225\" aria-expanded=\"false\">NORMATIVA<\/div>\n\t\t\t\t\t<div id=\"elementor-tab-content-2225\" class=\"elementor-tab-content elementor-clearfix\" data-tab=\"5\" role=\"tabpanel\" aria-labelledby=\"elementor-tab-title-2225\" tabindex=\"0\" hidden=\"hidden\"><ul><li><h4>Real Decreto 605\/1999, de 16 de abril, de regulaci\u00f3n complementaria de los procesos electorales (Art.13.5)<\/h4><ul><li>Los funcionarios p\u00fablicos y dem\u00e1s personal al servicio de la Administraci\u00f3n del Estado y sus Organismos aut\u00f3nomos, incluida la Seguridad Social, que se presenten como candidatos a los distintos procesos electorales, podr\u00e1n ser dispensados, previa solicitud de los interesados, de la prestaci\u00f3n del servicio en sus respectivas unidades, de acuerdo con lo establecido en el art\u00edculo 30.2 de la Ley 30\/1984, de 2 de agosto, durante la campa\u00f1a electoral. La competencia para la concesi\u00f3n del referido permiso corresponder\u00e1 al Subsecretario del Departamento ministerial, o al Delegado del Gobierno o Subdelegado del Gobierno, cuando el puesto de trabajo se desempe\u00f1e en los Servicios Perif\u00e9ricos.\u201d<\/li><\/ul><\/li><\/ul><p>\u00a0<\/p><ul><li><h4>Resoluci\u00f3n de 19\/06\/2018, de la Secretar\u00eda General de Hacienda y Administraciones P\u00fablicas, por la que se dispone la publicaci\u00f3n de la ratificaci\u00f3n del Acuerdo de la Mesa General de Negociaci\u00f3n de los Empleados P\u00fablicos de 24\/05\/2018, por el que se establece el II Plan para la conciliaci\u00f3n de la vida personal, familiar y laboral de las empleadas p\u00fablicas y de los empleados p\u00fablicos de la Administraci\u00f3n de la Junta de Comunidades de Castilla-La Mancha (2.13)<\/h4><ul><li>Se conceder\u00e1 permiso por el tiempo imprescindible para el cumplimiento de un deber inexcusable de car\u00e1cter p\u00fablico o personal y permiso o flexibilizaci\u00f3n, seg\u00fan el caso, por deberes relacionados con la conciliaci\u00f3n de la vida familiar y laboral, considerando como deberes relacionados con la conciliaci\u00f3n los supuestos contemplados en los apartados 2.1 (permiso t\u00e9cnicas de fecundaci\u00f3n asistida), 2.2 (permiso por ex\u00e1menes prenatales y t\u00e9cnicas de preparaci\u00f3n al parto), 2.4 (permiso para sesiones de informaci\u00f3n y preparaci\u00f3n, entrevistas y para la realizaci\u00f3n de los preceptivos informes psicol\u00f3gicos y sociales previos a la declaraci\u00f3n de idoneidad en procesos de adopci\u00f3n), 2.11 (permiso asistencia m\u00e9dica del empleado o de la empleada y familiar en primer grado), 2.22 (permiso y flexibilizaci\u00f3n para asistencia a tutor\u00edas en centros escolares) y 2.25 (flexibilizaci\u00f3n por inicio escalonado de actividades lectivas de hijas e hijos) del presente acuerdo.<\/li><li>A estos efectos, se entiende por \u201cdeber inexcusable\u201d la obligaci\u00f3n personal, sin posibilidad de ejecuci\u00f3n por medio de representante o sustituto, que coincida con la jornada de trabajo necesariamente y que su no realizaci\u00f3n genere responsabilidad de \u00edndole civil, penal o administrativa. Entre otros, se incluyen los siguientes supuestos:<ul><li>Comparecencia obligatoria por citaciones de juzgados y tribunales de justicia, comisar\u00edas o cualquier otro organismo oficial.<\/li><li>Cumplimiento de deberes ciudadanos derivados de un proceso electoral.<\/li><li>Ejercicio de sufragio activo.<\/li><li>Asistencia a las reuniones de los \u00f3rganos de gobierno y comisiones dependientes de los mismos, cuando derive estrictamente del cargo electivo de los previstos en la Ley de R\u00e9gimen Electoral General.<\/li><li>Asistencia, como miembro, a las sesiones de un Tribunal de examen o de oposici\u00f3n, con nombramiento de la autoridad competente.<\/li><li>El empleo de tiempo necesario para hacer una donaci\u00f3n de sangre, de acuerdo con lo dispuesto en el Real Decreto 1088\/2005, de 16 de septiembre.<\/li><\/ul><\/li><li>La duraci\u00f3n del permiso ser\u00e1 la imprescindible para el cumplimiento del deber.<\/li><\/ul><\/li><\/ul><p>\u00a0<\/p><ul><li><h4>Ley 30\/1984, de 2 de agosto, de medidas para la reforma de la Funci\u00f3n P\u00fablica (Art.30.2)<\/h4><ul><li>Podr\u00e1n concederse permisos por el tiempo indispensable para el cumplimiento de un deber inexcusable de car\u00e1cter p\u00fablico o personal y por deberes derivados de la conciliaci\u00f3n de la vida familiar y laboral.<\/li><\/ul><\/li><\/ul><p>\u00a0<\/p><ul><li><h4>Ley Org\u00e1nica 5\/1985, de 19 de junio, del R\u00e9gimen Electoral General (Art.51)<\/h4><ul><li>1. La campa\u00f1a electoral comienza el d\u00eda trig\u00e9simo octavo posterior a la convocatoria.<\/li><li>2. Dura quince d\u00edas.<\/li><li>3. Termina, en todo caso, a las cero horas del d\u00eda inmediatamente anterior a la votaci\u00f3n.<\/li><\/ul><\/li><\/ul><p>\u00a0<\/p><ul><li><h4>Ley 4\/2011, de 10 de marzo, del Empleo P\u00fablico de Castilla-La Mancha (Art.107.2 j)<\/h4><ul><li>Por el tiempo indispensable, para el cumplimiento de un deber inexcusable de car\u00e1cter p\u00fablico y personal, comprendido el ejercicio del sufragio activo.<\/li><\/ul><\/li><\/ul><\/div>\n\t\t\t\t\t\t\t<\/div>\n\t\t<\/div>\n\t\t\t\t<\/div>\n\t\t\t\t<\/div>\n\t\t\t\t\t\t<\/div>\n\t\t\t\t\t<\/div>\n\t\t<\/div>\n\t\t\t\t\t\t\t\t<\/div>\n\t\t\t\t\t<\/div>\n\t\t<\/section>\n\t\t\t\t<section class=\"elementor-section elementor-top-section elementor-element elementor-element-74527b4 elementor-section-boxed elementor-section-height-default elementor-section-height-default\" data-id=\"74527b4\" data-element_type=\"section\">\n\t\t\t\t\t\t<div class=\"elementor-container elementor-column-gap-default\">\n\t\t\t\t\t\t\t<div class=\"elementor-row\">\n\t\t\t\t\t<div class=\"elementor-column elementor-col-100 elementor-top-column elementor-element elementor-element-1802631\" data-id=\"1802631\" data-element_type=\"column\">\n\t\t\t<div class=\"elementor-column-wrap elementor-element-populated\">\n\t\t\t\t\t\t\t<div class=\"elementor-widget-wrap\">\n\t\t\t\t\t\t<div class=\"elementor-element elementor-element-1148274 elementor-widget-divider--view-line elementor-widget elementor-widget-divider\" data-id=\"1148274\" data-element_type=\"widget\" data-widget_type=\"divider.default\">\n\t\t\t\t<div class=\"elementor-widget-container\">\n\t\t\t\t\t<div class=\"elementor-divider\">\n\t\t\t<span class=\"elementor-divider-separator\">\n\t\t\t\t\t\t<\/span>\n\t\t<\/div>\n\t\t\t\t<\/div>\n\t\t\t\t<\/div>\n\t\t\t\t<div class=\"elementor-element elementor-element-e922389 elementor-widget elementor-widget-heading\" data-id=\"e922389\" data-element_type=\"widget\" data-widget_type=\"heading.default\">\n\t\t\t\t<div class=\"elementor-widget-container\">\n\t\t\t<h4 class=\"elementor-heading-title elementor-size-default\">ELECCIONES SINDICALES<\/h4>\t\t<\/div>\n\t\t\t\t<\/div>\n\t\t\t\t\t\t<\/div>\n\t\t\t\t\t<\/div>\n\t\t<\/div>\n\t\t\t\t\t\t\t\t<\/div>\n\t\t\t\t\t<\/div>\n\t\t<\/section>\n\t\t\t\t<section class=\"elementor-section elementor-top-section elementor-element elementor-element-beccde1 elementor-section-boxed elementor-section-height-default elementor-section-height-default\" data-id=\"beccde1\" data-element_type=\"section\">\n\t\t\t\t\t\t<div class=\"elementor-container elementor-column-gap-default\">\n\t\t\t\t\t\t\t<div class=\"elementor-row\">\n\t\t\t\t\t<div class=\"elementor-column elementor-col-100 elementor-top-column elementor-element elementor-element-1d76ea5\" data-id=\"1d76ea5\" data-element_type=\"column\">\n\t\t\t<div class=\"elementor-column-wrap elementor-element-populated\">\n\t\t\t\t\t\t\t<div class=\"elementor-widget-wrap\">\n\t\t\t\t\t\t<div class=\"elementor-element elementor-element-eee8791 elementor-widget elementor-widget-heading\" data-id=\"eee8791\" data-element_type=\"widget\" data-widget_type=\"heading.default\">\n\t\t\t\t<div class=\"elementor-widget-container\">\n\t\t\t<h5 class=\"elementor-heading-title elementor-size-default\">PERMISO PRESIDENTES\/AS, VOCALES E INTERVENTORES\/AS<\/h5>\t\t<\/div>\n\t\t\t\t<\/div>\n\t\t\t\t\t\t<\/div>\n\t\t\t\t\t<\/div>\n\t\t<\/div>\n\t\t\t\t\t\t\t\t<\/div>\n\t\t\t\t\t<\/div>\n\t\t<\/section>\n\t\t\t\t<section class=\"elementor-section elementor-top-section elementor-element elementor-element-6168421 elementor-section-boxed elementor-section-height-default elementor-section-height-default\" data-id=\"6168421\" data-element_type=\"section\">\n\t\t\t\t\t\t<div class=\"elementor-container elementor-column-gap-default\">\n\t\t\t\t\t\t\t<div class=\"elementor-row\">\n\t\t\t\t\t<div class=\"elementor-column elementor-col-100 elementor-top-column elementor-element elementor-element-b0e873a\" data-id=\"b0e873a\" data-element_type=\"column\">\n\t\t\t<div class=\"elementor-column-wrap elementor-element-populated\">\n\t\t\t\t\t\t\t<div class=\"elementor-widget-wrap\">\n\t\t\t\t\t\t<div class=\"elementor-element elementor-element-d7ca0ae elementor-tabs-view-horizontal elementor-widget elementor-widget-tabs\" data-id=\"d7ca0ae\" data-element_type=\"widget\" data-widget_type=\"tabs.default\">\n\t\t\t\t<div class=\"elementor-widget-container\">\n\t\t\t\t\t<div class=\"elementor-tabs\">\n\t\t\t<div class=\"elementor-tabs-wrapper\" role=\"tablist\" >\n\t\t\t\t\t\t\t\t\t<div id=\"elementor-tab-title-2261\" class=\"elementor-tab-title elementor-tab-desktop-title\" aria-selected=\"true\" data-tab=\"1\" role=\"tab\" tabindex=\"0\" aria-controls=\"elementor-tab-content-2261\" aria-expanded=\"false\"><a href=\"\">DESCRIPCI\u00d3N<\/a><\/div>\n\t\t\t\t\t\t\t\t\t<div id=\"elementor-tab-title-2262\" class=\"elementor-tab-title elementor-tab-desktop-title\" aria-selected=\"false\" data-tab=\"2\" role=\"tab\" tabindex=\"-1\" aria-controls=\"elementor-tab-content-2262\" aria-expanded=\"false\"><a href=\"\">PERMISO<\/a><\/div>\n\t\t\t\t\t\t\t\t\t<div id=\"elementor-tab-title-2263\" class=\"elementor-tab-title elementor-tab-desktop-title\" aria-selected=\"false\" data-tab=\"3\" role=\"tab\" tabindex=\"-1\" aria-controls=\"elementor-tab-content-2263\" aria-expanded=\"false\"><a href=\"\">DOCUMENTACI\u00d3N<\/a><\/div>\n\t\t\t\t\t\t\t\t\t<div id=\"elementor-tab-title-2264\" class=\"elementor-tab-title elementor-tab-desktop-title\" aria-selected=\"false\" data-tab=\"4\" role=\"tab\" tabindex=\"-1\" aria-controls=\"elementor-tab-content-2264\" aria-expanded=\"false\"><a href=\"\">OBSERVACIONES<\/a><\/div>\n\t\t\t\t\t\t\t\t\t<div id=\"elementor-tab-title-2265\" class=\"elementor-tab-title elementor-tab-desktop-title\" aria-selected=\"false\" data-tab=\"5\" role=\"tab\" tabindex=\"-1\" aria-controls=\"elementor-tab-content-2265\" aria-expanded=\"false\"><a href=\"\">NORMATIVA<\/a><\/div>\n\t\t\t\t\t\t\t\t\t<div id=\"elementor-tab-title-2266\" class=\"elementor-tab-title elementor-tab-desktop-title\" aria-selected=\"false\" data-tab=\"6\" role=\"tab\" tabindex=\"-1\" aria-controls=\"elementor-tab-content-2266\" aria-expanded=\"false\"><a href=\"\">Titulo de la pesta\u00f1a<\/a><\/div>\n\t\t\t\t\t\t\t<\/div>\n\t\t\t<div class=\"elementor-tabs-content-wrapper\" role=\"tablist\" aria-orientation=\"vertical\">\n\t\t\t\t\t\t\t\t\t<div class=\"elementor-tab-title elementor-tab-mobile-title\" aria-selected=\"true\" data-tab=\"1\" role=\"tab\" tabindex=\"0\" aria-controls=\"elementor-tab-content-2261\" aria-expanded=\"false\">DESCRIPCI\u00d3N<\/div>\n\t\t\t\t\t<div id=\"elementor-tab-content-2261\" class=\"elementor-tab-content elementor-clearfix\" data-tab=\"1\" role=\"tabpanel\" aria-labelledby=\"elementor-tab-title-2261\" tabindex=\"0\" hidden=\"false\"><ul><li>Los miembros de la Mesa Electoral Coordinadora y los del resto de mesas parciales de votaci\u00f3n, as\u00ed como los interventores\/as (m\u00e1ximo, uno por mesa electoral y organizaci\u00f3n sindical) de las OOSS que han presentado candidatura dispondr\u00e1n de permiso para la jornada electoral, y en el d\u00eda inmediatamente posterior a las Elecciones Sindicales, de una jornada completa de descanso.<\/li><\/ul><\/div>\n\t\t\t\t\t\t\t\t\t<div class=\"elementor-tab-title elementor-tab-mobile-title\" aria-selected=\"false\" data-tab=\"2\" role=\"tab\" tabindex=\"-1\" aria-controls=\"elementor-tab-content-2262\" aria-expanded=\"false\">PERMISO<\/div>\n\t\t\t\t\t<div id=\"elementor-tab-content-2262\" class=\"elementor-tab-content elementor-clearfix\" data-tab=\"2\" role=\"tabpanel\" aria-labelledby=\"elementor-tab-title-2262\" tabindex=\"0\" hidden=\"hidden\"><ul><li>Permiso para la jornada electoral.<\/li><li>El d\u00eda inmediatamente posterior, se dispondr\u00e1 de una jornada completa de descanso.<\/li><\/ul><\/div>\n\t\t\t\t\t\t\t\t\t<div class=\"elementor-tab-title elementor-tab-mobile-title\" aria-selected=\"false\" data-tab=\"3\" role=\"tab\" tabindex=\"-1\" aria-controls=\"elementor-tab-content-2263\" aria-expanded=\"false\">DOCUMENTACI\u00d3N<\/div>\n\t\t\t\t\t<div id=\"elementor-tab-content-2263\" class=\"elementor-tab-content elementor-clearfix\" data-tab=\"3\" role=\"tabpanel\" aria-labelledby=\"elementor-tab-title-2263\" tabindex=\"0\" hidden=\"hidden\"><ul><li>Justificante de la ausencia.<\/li><li>Documentaci\u00f3n acreditativa.<\/li><\/ul><\/div>\n\t\t\t\t\t\t\t\t\t<div class=\"elementor-tab-title elementor-tab-mobile-title\" aria-selected=\"false\" data-tab=\"4\" role=\"tab\" tabindex=\"-1\" aria-controls=\"elementor-tab-content-2264\" aria-expanded=\"false\">OBSERVACIONES<\/div>\n\t\t\t\t\t<div id=\"elementor-tab-content-2264\" class=\"elementor-tab-content elementor-clearfix\" data-tab=\"4\" role=\"tabpanel\" aria-labelledby=\"elementor-tab-title-2264\" tabindex=\"0\" hidden=\"hidden\"><ul><li>Es conveniente la comunicaci\u00f3n previa al equipo directivo.<\/li><\/ul><\/div>\n\t\t\t\t\t\t\t\t\t<div class=\"elementor-tab-title elementor-tab-mobile-title\" aria-selected=\"false\" data-tab=\"5\" role=\"tab\" tabindex=\"-1\" aria-controls=\"elementor-tab-content-2265\" aria-expanded=\"false\">NORMATIVA<\/div>\n\t\t\t\t\t<div id=\"elementor-tab-content-2265\" class=\"elementor-tab-content elementor-clearfix\" data-tab=\"5\" role=\"tabpanel\" aria-labelledby=\"elementor-tab-title-2265\" tabindex=\"0\" hidden=\"hidden\"><ul><li><h4>Instrucciones de la Direcci\u00f3n General de Recursos Humanos y Planificaci\u00f3n Educativa (o aquella que tenga las atribuciones en materia de personal) dictadas a tal efecto para cada proceso electoral.<\/h4><\/li><\/ul><\/div>\n\t\t\t\t\t\t\t\t\t<div class=\"elementor-tab-title elementor-tab-mobile-title\" aria-selected=\"false\" data-tab=\"6\" role=\"tab\" tabindex=\"-1\" aria-controls=\"elementor-tab-content-2266\" aria-expanded=\"false\">Titulo de la pesta\u00f1a<\/div>\n\t\t\t\t\t<div id=\"elementor-tab-content-2266\" class=\"elementor-tab-content elementor-clearfix\" data-tab=\"6\" role=\"tabpanel\" aria-labelledby=\"elementor-tab-title-2266\" tabindex=\"0\" hidden=\"hidden\">Contenido de la pesta\u00f1a<\/div>\n\t\t\t\t\t\t\t<\/div>\n\t\t<\/div>\n\t\t\t\t<\/div>\n\t\t\t\t<\/div>\n\t\t\t\t\t\t<\/div>\n\t\t\t\t\t<\/div>\n\t\t<\/div>\n\t\t\t\t\t\t\t\t<\/div>\n\t\t\t\t\t<\/div>\n\t\t<\/section>\n\t\t\t\t\t\t\t\t\t<\/div>\n\t\t\t<\/div>\n\t\t\t\t\t<\/div>\n\t\t","protected":false},"excerpt":{"rendered":"<p> [&hellip;]<\/p>\n","protected":false},"author":1,"featured_media":1484,"comment_status":"closed","ping_status":"open","sticky":false,"template":"","format":"standard","meta":[],"categories":[11,25],"tags":[],"_links":{"self":[{"href":"https:\/\/ste-clm.com\/permisos3\/wp-json\/wp\/v2\/posts\/1482"}],"collection":[{"href":"https:\/\/ste-clm.com\/permisos3\/wp-json\/wp\/v2\/posts"}],"about":[{"href":"https:\/\/ste-clm.com\/permisos3\/wp-json\/wp\/v2\/types\/post"}],"author":[{"embeddable":true,"href":"https:\/\/ste-clm.com\/permisos3\/wp-json\/wp\/v2\/users\/1"}],"replies":[{"embeddable":true,"href":"https:\/\/ste-clm.com\/permisos3\/wp-json\/wp\/v2\/comments?post=1482"}],"version-history":[{"count":12,"href":"https:\/\/ste-clm.com\/permisos3\/wp-json\/wp\/v2\/posts\/1482\/revisions"}],"predecessor-version":[{"id":2818,"href":"https:\/\/ste-clm.com\/permisos3\/wp-json\/wp\/v2\/posts\/1482\/revisions\/2818"}],"wp:featuredmedia":[{"embeddable":true,"href":"https:\/\/ste-clm.com\/permisos3\/wp-json\/wp\/v2\/media\/1484"}],"wp:attachment":[{"href":"https:\/\/ste-clm.com\/permisos3\/wp-json\/wp\/v2\/media?parent=1482"}],"wp:term":[{"taxonomy":"category","embeddable":true,"href":"https:\/\/ste-clm.com\/permisos3\/wp-json\/wp\/v2\/categories?post=1482"},{"taxonomy":"post_tag","embeddable":true,"href":"https:\/\/ste-clm.com\/permisos3\/wp-json\/wp\/v2\/tags?post=1482"}],"curies":[{"name":"wp","href":"https:\/\/api.w.org\/{rel}","templated":true}]}}