{"id":1455,"date":"2018-12-09T16:00:21","date_gmt":"2018-12-09T16:00:21","guid":{"rendered":"https:\/\/ste-clm.com\/permisos\/?p=1455"},"modified":"2023-10-19T08:47:19","modified_gmt":"2023-10-19T08:47:19","slug":"reduccion-de-la-jornada-lectiva-para-docentes-mayores-de-55-anos","status":"publish","type":"post","link":"https:\/\/ste-clm.com\/permisos3\/reduccion-de-la-jornada-lectiva-para-docentes-mayores-de-55-anos\/","title":{"rendered":"REDUCCI\u00d3N DE LA JORNADA LECTIVA PARA DOCENTES MAYORES DE 55 A\u00d1OS"},"content":{"rendered":"\t\t<div data-elementor-type=\"wp-post\" data-elementor-id=\"1455\" class=\"elementor elementor-1455\">\n\t\t\t\t\t\t<div class=\"elementor-inner\">\n\t\t\t\t<div class=\"elementor-section-wrap\">\n\t\t\t\t\t\t\t\t\t<section class=\"elementor-section elementor-top-section elementor-element elementor-element-9c5a484 elementor-section-boxed elementor-section-height-default elementor-section-height-default\" data-id=\"9c5a484\" data-element_type=\"section\">\n\t\t\t\t\t\t<div class=\"elementor-container elementor-column-gap-default\">\n\t\t\t\t\t\t\t<div class=\"elementor-row\">\n\t\t\t\t\t<div class=\"elementor-column elementor-col-100 elementor-top-column elementor-element elementor-element-32f7eac\" data-id=\"32f7eac\" data-element_type=\"column\">\n\t\t\t<div class=\"elementor-column-wrap elementor-element-populated\">\n\t\t\t\t\t\t\t<div class=\"elementor-widget-wrap\">\n\t\t\t\t\t\t<div class=\"elementor-element elementor-element-90d52c0 elementor-tabs-view-vertical elementor-widget elementor-widget-tabs\" data-id=\"90d52c0\" data-element_type=\"widget\" data-widget_type=\"tabs.default\">\n\t\t\t\t<div class=\"elementor-widget-container\">\n\t\t\t\t\t<div class=\"elementor-tabs\">\n\t\t\t<div class=\"elementor-tabs-wrapper\" role=\"tablist\" >\n\t\t\t\t\t\t\t\t\t<div id=\"elementor-tab-title-1511\" class=\"elementor-tab-title elementor-tab-desktop-title\" aria-selected=\"true\" data-tab=\"1\" role=\"tab\" tabindex=\"0\" aria-controls=\"elementor-tab-content-1511\" aria-expanded=\"false\"><a href=\"\">DESCRIPCI\u00d3N<\/a><\/div>\n\t\t\t\t\t\t\t\t\t<div id=\"elementor-tab-title-1512\" class=\"elementor-tab-title elementor-tab-desktop-title\" aria-selected=\"false\" data-tab=\"2\" role=\"tab\" tabindex=\"-1\" aria-controls=\"elementor-tab-content-1512\" aria-expanded=\"false\"><a href=\"\">PERMISO<\/a><\/div>\n\t\t\t\t\t\t\t\t\t<div id=\"elementor-tab-title-1513\" class=\"elementor-tab-title elementor-tab-desktop-title\" aria-selected=\"false\" data-tab=\"3\" role=\"tab\" tabindex=\"-1\" aria-controls=\"elementor-tab-content-1513\" aria-expanded=\"false\"><a href=\"\">SOLICIT.\/DOCUMENT.<\/a><\/div>\n\t\t\t\t\t\t\t\t\t<div id=\"elementor-tab-title-1514\" class=\"elementor-tab-title elementor-tab-desktop-title\" aria-selected=\"false\" data-tab=\"4\" role=\"tab\" tabindex=\"-1\" aria-controls=\"elementor-tab-content-1514\" aria-expanded=\"false\"><a href=\"\">OBSERVACIONES<\/a><\/div>\n\t\t\t\t\t\t\t\t\t<div id=\"elementor-tab-title-1515\" class=\"elementor-tab-title elementor-tab-desktop-title\" aria-selected=\"false\" data-tab=\"5\" role=\"tab\" tabindex=\"-1\" aria-controls=\"elementor-tab-content-1515\" aria-expanded=\"false\"><a href=\"\">NORMATIVA<\/a><\/div>\n\t\t\t\t\t\t\t<\/div>\n\t\t\t<div class=\"elementor-tabs-content-wrapper\" role=\"tablist\" aria-orientation=\"vertical\">\n\t\t\t\t\t\t\t\t\t<div class=\"elementor-tab-title elementor-tab-mobile-title\" aria-selected=\"true\" data-tab=\"1\" role=\"tab\" tabindex=\"0\" aria-controls=\"elementor-tab-content-1511\" aria-expanded=\"false\">DESCRIPCI\u00d3N<\/div>\n\t\t\t\t\t<div id=\"elementor-tab-content-1511\" class=\"elementor-tab-content elementor-clearfix\" data-tab=\"1\" role=\"tabpanel\" aria-labelledby=\"elementor-tab-title-1511\" tabindex=\"0\" hidden=\"false\"><ul><li>Los docentes mayores de 55 a\u00f1os tienen derecho a solicitar la reducci\u00f3n de jornada lectiva con la correspondiente disminuci\u00f3n proporcional de retribuciones.<\/li><\/ul><\/div>\n\t\t\t\t\t\t\t\t\t<div class=\"elementor-tab-title elementor-tab-mobile-title\" aria-selected=\"false\" data-tab=\"2\" role=\"tab\" tabindex=\"-1\" aria-controls=\"elementor-tab-content-1512\" aria-expanded=\"false\">PERMISO<\/div>\n\t\t\t\t\t<div id=\"elementor-tab-content-1512\" class=\"elementor-tab-content elementor-clearfix\" data-tab=\"2\" role=\"tabpanel\" aria-labelledby=\"elementor-tab-title-1512\" tabindex=\"0\" hidden=\"hidden\"><ul><li>Para el curso escolar completo.<\/li><\/ul><\/div>\n\t\t\t\t\t\t\t\t\t<div class=\"elementor-tab-title elementor-tab-mobile-title\" aria-selected=\"false\" data-tab=\"3\" role=\"tab\" tabindex=\"-1\" aria-controls=\"elementor-tab-content-1513\" aria-expanded=\"false\">SOLICIT.\/DOCUMENT.<\/div>\n\t\t\t\t\t<div id=\"elementor-tab-content-1513\" class=\"elementor-tab-content elementor-clearfix\" data-tab=\"3\" role=\"tabpanel\" aria-labelledby=\"elementor-tab-title-1513\" tabindex=\"0\" hidden=\"hidden\"><ul><li>Solicitud ante el Equipo Directivo antes de la finalizaci\u00f3n del curso anterior al del disfrute de la reducci\u00f3n.<\/li><\/ul><\/div>\n\t\t\t\t\t\t\t\t\t<div class=\"elementor-tab-title elementor-tab-mobile-title\" aria-selected=\"false\" data-tab=\"4\" role=\"tab\" tabindex=\"-1\" aria-controls=\"elementor-tab-content-1514\" aria-expanded=\"false\">OBSERVACIONES<\/div>\n\t\t\t\t\t<div id=\"elementor-tab-content-1514\" class=\"elementor-tab-content elementor-clearfix\" data-tab=\"4\" role=\"tabpanel\" aria-labelledby=\"elementor-tab-title-1514\" tabindex=\"0\" hidden=\"hidden\"><ul><li>La reducci\u00f3n de jornada implica una disminuci\u00f3n proporcional de las retribuciones.<\/li><li>No hay limitaci\u00f3n en las horas de reducci\u00f3n.<\/li><li>Se podr\u00e1 solicitar siempre que se cuente con 55 a\u00f1os a 31 de agosto.<\/li><li>Los docentes que disfruten de reducci\u00f3n de jornada tendr\u00e1n derecho a solicitar la franja horaria para aplicarla.<\/li><li>Podr\u00e1n favorecer la sustituci\u00f3n parcial de la jornada lectiva por actividades de otra naturaleza sin reducci\u00f3n de sus retribuciones.<\/li><\/ul><\/div>\n\t\t\t\t\t\t\t\t\t<div class=\"elementor-tab-title elementor-tab-mobile-title\" aria-selected=\"false\" data-tab=\"5\" role=\"tab\" tabindex=\"-1\" aria-controls=\"elementor-tab-content-1515\" aria-expanded=\"false\">NORMATIVA<\/div>\n\t\t\t\t\t<div id=\"elementor-tab-content-1515\" class=\"elementor-tab-content elementor-clearfix\" data-tab=\"5\" role=\"tabpanel\" aria-labelledby=\"elementor-tab-title-1515\" tabindex=\"0\" hidden=\"hidden\"><ul><li><h4>Ley Org\u00e1nica 3\/2020, de 29 de diciembre, por la que se modifica la Ley Org\u00e1nica 2\/2006, de 3 de mayo, de Educaci\u00f3n (Art.105 e)<\/h4><ul><li>La reducci\u00f3n de jornada lectiva de aquellos profesores mayores de 55 a\u00f1os que lo soliciten, con la correspondiente disminuci\u00f3n proporcional de las retribuciones. Podr\u00e1n, asimismo, favorecer la sustituci\u00f3n parcial de la jornada lectiva por actividades de otra naturaleza sin reducci\u00f3n de sus retribuciones.\u201d<\/li><\/ul><\/li><\/ul><p>\u00a0<\/p><ul><li><h4>Resoluci\u00f3n de 23\/07\/2018, de la Secretar\u00eda General, por la que se dispone la publicaci\u00f3n del acuerdo de la mesa sectorial del personal docente no universitario relativo a las medidas complementarias al II Plan para la conciliaci\u00f3n de la vida personal, familiar y laboral de las empleadas p\u00fablicas y de los empleados p\u00fablicos de la Administraci\u00f3n de la Junta de Comunidades de Castilla-La Mancha (A.1)<\/h4><ul><li>Los docentes que disfruten de reducci\u00f3n de jornada tendr\u00e1n derecho a solicitar la franja horaria para aplicarla. Para ello, lo comunicar\u00e1 a la Jefatura de Estudios del centro mediante un escrito con suficiente antelaci\u00f3n al inicio de curso, y se aplicar\u00e1 siempre que no condicione las normas generales sobre impartici\u00f3n de materias y\/o elecci\u00f3n de grupos.<\/li><\/ul><\/li><\/ul><\/div>\n\t\t\t\t\t\t\t<\/div>\n\t\t<\/div>\n\t\t\t\t<\/div>\n\t\t\t\t<\/div>\n\t\t\t\t\t\t<\/div>\n\t\t\t\t\t<\/div>\n\t\t<\/div>\n\t\t\t\t\t\t\t\t<\/div>\n\t\t\t\t\t<\/div>\n\t\t<\/section>\n\t\t\t\t\t\t\t\t\t<\/div>\n\t\t\t<\/div>\n\t\t\t\t\t<\/div>\n\t\t","protected":false},"excerpt":{"rendered":"<p> [&hellip;]<\/p>\n","protected":false},"author":1,"featured_media":1458,"comment_status":"closed","ping_status":"open","sticky":false,"template":"","format":"standard","meta":[],"categories":[11,25],"tags":[],"_links":{"self":[{"href":"https:\/\/ste-clm.com\/permisos3\/wp-json\/wp\/v2\/posts\/1455"}],"collection":[{"href":"https:\/\/ste-clm.com\/permisos3\/wp-json\/wp\/v2\/posts"}],"about":[{"href":"https:\/\/ste-clm.com\/permisos3\/wp-json\/wp\/v2\/types\/post"}],"author":[{"embeddable":true,"href":"https:\/\/ste-clm.com\/permisos3\/wp-json\/wp\/v2\/users\/1"}],"replies":[{"embeddable":true,"href":"https:\/\/ste-clm.com\/permisos3\/wp-json\/wp\/v2\/comments?post=1455"}],"version-history":[{"count":3,"href":"https:\/\/ste-clm.com\/permisos3\/wp-json\/wp\/v2\/posts\/1455\/revisions"}],"predecessor-version":[{"id":2379,"href":"https:\/\/ste-clm.com\/permisos3\/wp-json\/wp\/v2\/posts\/1455\/revisions\/2379"}],"wp:featuredmedia":[{"embeddable":true,"href":"https:\/\/ste-clm.com\/permisos3\/wp-json\/wp\/v2\/media\/1458"}],"wp:attachment":[{"href":"https:\/\/ste-clm.com\/permisos3\/wp-json\/wp\/v2\/media?parent=1455"}],"wp:term":[{"taxonomy":"category","embeddable":true,"href":"https:\/\/ste-clm.com\/permisos3\/wp-json\/wp\/v2\/categories?post=1455"},{"taxonomy":"post_tag","embeddable":true,"href":"https:\/\/ste-clm.com\/permisos3\/wp-json\/wp\/v2\/tags?post=1455"}],"curies":[{"name":"wp","href":"https:\/\/api.w.org\/{rel}","templated":true}]}}